{"id":10737,"date":"2024-10-01T20:21:20","date_gmt":"2024-10-01T23:21:20","guid":{"rendered":"https:\/\/www.toque-musicall.com\/?p=10737"},"modified":"2024-10-05T20:00:32","modified_gmt":"2024-10-05T23:00:32","slug":"jardim-eletrico-laranja-mecanica-2005","status":"publish","type":"post","link":"https:\/\/www.toque-musicall.com\/?p=10737","title":{"rendered":"Jardim El\u00e9trico &#8211; Laranja Mec\u00e2nica (2005)"},"content":{"rendered":"\n<figure class=\"wp-block-image size-large\"><img decoding=\"async\" src=\"https:\/\/blogger.googleusercontent.com\/img\/b\/R29vZ2xl\/AVvXsEiYlcyx44_SM-ZUpW9PgtzVvQxyH_HTtix2Jbu3DG2wNyN-hrjuSlaDHxopHnQDkkAgILysGwn3E3RNzzCbamBP2g_3Pcpn8q0rozV8JJoMwXvrkGssaOpVM5eCkHmviXL1uzjEb0jYMLyANfXz8-etmqe80Q7XmHf-Bqi66RSgwsFltuZf1iPNDFpGP-xl\/w628-h640\/capa.jpg\" alt=\"\"\/><\/figure>\n\n\n\n<figure class=\"wp-block-image size-large\"><img decoding=\"async\" src=\"https:\/\/blogger.googleusercontent.com\/img\/b\/R29vZ2xl\/AVvXsEiUym3com-3z1dT3EdvBxL9K-IcDIYgHjpBaQAYuEleHfVn-JHXp9pyZsdSdhezelAKLEZryO9hpc4C8ezYciY2HJtA0KRG-cLR8_G2oEniTq7-W6Erk_RrJ3vaYMt8939VPe52qM3PKUV3QK39ttsMD5rtyW8p2glv-sji2vl1LE7JUTde5IrVQVW9Pc0f\/w640-h610\/contracapa.jpg\" alt=\"\"\/><\/figure>\n\n\n<div class=\"article-content entry-content\">\n<div class=\"separator\">Abrimos outubro com uma nova proposta para o m\u00eas&#8230; Que tal uma mostra voltada apenas para as produ\u00e7\u00f5es musicais lan\u00e7adas em cd&#8217;s? Em outros momentos j\u00e1 publicamos no Toque Musical produ\u00e7\u00f5es em cd&#8217;s, isso n\u00e3o \u00e9 novidade. Mas considerando que a partir do sugimento do compact disc muitos artistas e produ\u00e7\u00f5es importantes ficaram limitadas a apenas esse formato. Alguns at\u00e9 ganharam vers\u00f5es em vinil, mas isso \u00e9 para poucos e mesmo assim h\u00e1 tamb\u00e9m a quest\u00e3o de adapta\u00e7\u00e3o, do conceito que diferencia os dois formatos. \u00c9 mais f\u00e1cil colocar um lp em um cd do que o contr\u00e1rio. A produ\u00e7\u00e3o em cd permitiu ao artista, entre muitas coisas, a facilidade em gravar um disco longo, coisa que se em formato lp poderia gerar um \u00e1lbum duplo ou triplo, coisa que poucos ir\u00e3o querer produzir. Enfim, por essas e muitas outras, achamos que devemos tamb\u00e9m dar um toque naquilo que percence a gera\u00e7\u00e3o compact disc laser. Da\u00ed, neste m\u00eas de outubro vamos postar apenas publica\u00e7\u00f5es lan\u00e7adas em cd&#8217;s. E pelo jeito, este formato tamb\u00e9m vai passar a fazer parte comum em nossas postagem, pois s\u00f3 trinta dias n\u00e3o bastam, n\u00e3o \u00e9 mesmo?<\/div>\n<div class=\"separator\">Ent\u00e3o, pra come\u00e7ar, ainda vibrando e sentido ecoar o rock e as guitarras, vamos trazendo aqui este cd, procu\u00e7\u00e3o independente, gravado e lan\u00e7ado em 2005, da banda de Belo Horizonte, Jardim El\u00e9trico. Um &#8216;power trio&#8217; de rock instrumental, com m\u00fasicas autorais, que impressionam pelo seu vigor e qualidade da banda. Infelizmente, n\u00e3o foi possivel achar informa\u00e7\u00f5es sobre o Jardim El\u00e9trico, mas certamente foi um desses muitos projetos que rolam na cidade, duram um tempo e depois ficam s\u00f3 na lembran\u00e7a. Ent\u00e3o, j\u00e1 que \u00e9 para lembrar, aqui est\u00e1&#8230; Confiram, pois \u00e9 bem legal \ud83d\ude42<\/div>\n<div class=\"separator\">\u00a0<\/div>\n<div class=\"separator\">caixa de pandora<\/div>\n<div class=\"separator\">a hora do rush<\/div>\n<div class=\"separator\">naja de vidro<\/div>\n<div class=\"separator\">laranja mec\u00e2nica<\/div>\n<div class=\"separator\">navio fantasma<\/div>\n<div class=\"separator\">treze macacos<\/div>\n<div class=\"separator\">tornado<\/div>\n<div class=\"separator\">miragem<\/div>\n<div class=\"separator\">apocalipse<\/div>\n<div class=\"separator\">rei vermelho<\/div>\n<div class=\"separator\">\u00a0<\/div>\n<div class=\"separator\">\u00a0<\/div>\n<div class=\"separator\">.<\/div>\n<p>&nbsp;<\/p>\n<\/div>\n<div class=\"article-footer\">\u00a0<\/div>","protected":false},"excerpt":{"rendered":"<p>Abrimos outubro com uma nova proposta para o m\u00eas&#8230; Que tal uma mostra voltada apenas para as produ\u00e7\u00f5es musicais lan\u00e7adas em cd&#8217;s? Em outros momentos j\u00e1 publicamos no Toque Musical produ\u00e7\u00f5es em cd&#8217;s, isso n\u00e3o \u00e9 novidade. Mas considerando que &hellip; <a href=\"https:\/\/www.toque-musicall.com\/?p=10737\">Continue lendo <span class=\"meta-nav\">&rarr;<\/span><\/a><\/p>\n","protected":false},"author":1,"featured_media":0,"comment_status":"closed","ping_status":"closed","sticky":false,"template":"","format":"standard","meta":{"footnotes":""},"categories":[1],"tags":[3208,5790,3017],"class_list":["post-10737","post","type-post","status-publish","format-standard","hentry","category-sem-categoria","tag-cds","tag-jardim-eletrico","tag-selo-independente"],"_links":{"self":[{"href":"https:\/\/www.toque-musicall.com\/index.php?rest_route=\/wp\/v2\/posts\/10737","targetHints":{"allow":["GET"]}}],"collection":[{"href":"https:\/\/www.toque-musicall.com\/index.php?rest_route=\/wp\/v2\/posts"}],"about":[{"href":"https:\/\/www.toque-musicall.com\/index.php?rest_route=\/wp\/v2\/types\/post"}],"author":[{"embeddable":true,"href":"https:\/\/www.toque-musicall.com\/index.php?rest_route=\/wp\/v2\/users\/1"}],"replies":[{"embeddable":true,"href":"https:\/\/www.toque-musicall.com\/index.php?rest_route=%2Fwp%2Fv2%2Fcomments&post=10737"}],"version-history":[{"count":1,"href":"https:\/\/www.toque-musicall.com\/index.php?rest_route=\/wp\/v2\/posts\/10737\/revisions"}],"predecessor-version":[{"id":10738,"href":"https:\/\/www.toque-musicall.com\/index.php?rest_route=\/wp\/v2\/posts\/10737\/revisions\/10738"}],"wp:attachment":[{"href":"https:\/\/www.toque-musicall.com\/index.php?rest_route=%2Fwp%2Fv2%2Fmedia&parent=10737"}],"wp:term":[{"taxonomy":"category","embeddable":true,"href":"https:\/\/www.toque-musicall.com\/index.php?rest_route=%2Fwp%2Fv2%2Fcategories&post=10737"},{"taxonomy":"post_tag","embeddable":true,"href":"https:\/\/www.toque-musicall.com\/index.php?rest_route=%2Fwp%2Fv2%2Ftags&post=10737"}],"curies":[{"name":"wp","href":"https:\/\/api.w.org\/{rel}","templated":true}]}}