{"id":10741,"date":"2024-10-02T19:55:35","date_gmt":"2024-10-02T22:55:35","guid":{"rendered":"https:\/\/www.toque-musicall.com\/?p=10741"},"modified":"2024-10-05T19:57:55","modified_gmt":"2024-10-05T22:57:55","slug":"telo-borges-centelha-no-olhar-2005-2","status":"publish","type":"post","link":"https:\/\/www.toque-musicall.com\/?p=10741","title":{"rendered":"Telo Borges &#8211; Centelha No Olhar (2005)"},"content":{"rendered":"\n<figure class=\"wp-block-image size-large\"><img decoding=\"async\" src=\"https:\/\/blogger.googleusercontent.com\/img\/b\/R29vZ2xl\/AVvXsEj2z-0dtb9A0vKP6pgrjf9BLCTtryqLlEdrl0Kw0jIC3Oa6U5hDh5Gwe44skpDmMW-x0gKDQ_wFV_1eD4EsvDFRT5llk7l8PeLMcJMlnGXwZ8_xsJaEYG9xDqZS8yrYHgtjXblHpDqZYe8H7q0WmTIe3XC6lDxWHcUyPXljy_-7n2JYARgtP1nI9S2S1o-6\/w640-h568\/capa.jpg\" alt=\"\"\/><\/figure>\n\n\n\n<figure class=\"wp-block-image size-large\"><img decoding=\"async\" src=\"https:\/\/blogger.googleusercontent.com\/img\/b\/R29vZ2xl\/AVvXsEiOSfRzt1EKod8ec7HBKb4TnYDm-r-pSoQwxOIwsx9SLbkKLYcuG54aDfyPj1tRviiN2zLBlTLW-K3P9MpPXz7hvwllpBYU-bxqDsOgOWO9iD7VduCjUgwQKAI_enw-VGa4m2w3Jht3lB0PpkglO3qK5hL7Oz_xtL4FqqPlTlLfMNAn3CqTsqHBBLCdE0VI\/w640-h560\/Imagem%20do%20WhatsApp%20de%202024-10-04%20%C3%A0(s)%2019.09.11_2d235493.jpg\" alt=\"\"\/><\/figure>\n\n\n<div class=\"separator\">Outubro come\u00e7ando e a gente aqui, abrindo um m\u00eas exclusivo para as edi\u00e7\u00f5es em formato &#8216;compact disc&#8217;, o CD. E neste segundo dia vamos trazendo o m\u00fasico mineiro, Marcelo Borges, ou como \u00e9 conhecido, Telo Borges. Instrumentista, cantor e compositor, mais um da Fam\u00edlia Borges, irm\u00e3o de L\u00f4, Marcio, Marilton e Solange Borges. Aqui temos ele em seu terceiro disco solo, &#8220;Centelha no olhar&#8217;, uma produ\u00e7\u00e3o independente, gravado em 2005. Disco bacana, totalmente autoral e com parceirias, entre essas com Milton Nascimento na m\u00faisca &#8220;Tristesse&#8221;, que em 2013 faturou o Grammy Awards.<\/div>\n<div class=\"separator\">Confiram no GTM&#8230;<\/div>\n<div class=\"separator\">\u00a0<\/div>\n<div class=\"separator\">cidade do amor<\/div>\n<div class=\"separator\">ouro da palavra<\/div>\n<div class=\"separator\">parece<\/div>\n<div class=\"separator\">meninos de ara\u00e7uai<\/div>\n<div class=\"separator\">minha<\/div>\n<div class=\"separator\">tristesse<\/div>\n<div class=\"separator\">seis horas da manh\u00e3<\/div>\n<div class=\"separator\">centelha no olhar<\/div>\n<div class=\"separator\">amar o amor<\/div>\n<div class=\"separator\">\u00a0<\/div>\n<div class=\"separator\">\u00a0<\/div>\n<div class=\"separator\">\u00a0<\/div>","protected":false},"excerpt":{"rendered":"<p>Outubro come\u00e7ando e a gente aqui, abrindo um m\u00eas exclusivo para as edi\u00e7\u00f5es em formato &#8216;compact disc&#8217;, o CD. E neste segundo dia vamos trazendo o m\u00fasico mineiro, Marcelo Borges, ou como \u00e9 conhecido, Telo Borges. Instrumentista, cantor e compositor, &hellip; <a href=\"https:\/\/www.toque-musicall.com\/?p=10741\">Continue lendo <span class=\"meta-nav\">&rarr;<\/span><\/a><\/p>\n","protected":false},"author":1,"featured_media":0,"comment_status":"closed","ping_status":"closed","sticky":false,"template":"","format":"standard","meta":{"footnotes":""},"categories":[1],"tags":[5791,3017,5792],"class_list":["post-10741","post","type-post","status-publish","format-standard","hentry","category-sem-categoria","tag-cds-2","tag-selo-independente","tag-telo-borges"],"_links":{"self":[{"href":"https:\/\/www.toque-musicall.com\/index.php?rest_route=\/wp\/v2\/posts\/10741","targetHints":{"allow":["GET"]}}],"collection":[{"href":"https:\/\/www.toque-musicall.com\/index.php?rest_route=\/wp\/v2\/posts"}],"about":[{"href":"https:\/\/www.toque-musicall.com\/index.php?rest_route=\/wp\/v2\/types\/post"}],"author":[{"embeddable":true,"href":"https:\/\/www.toque-musicall.com\/index.php?rest_route=\/wp\/v2\/users\/1"}],"replies":[{"embeddable":true,"href":"https:\/\/www.toque-musicall.com\/index.php?rest_route=%2Fwp%2Fv2%2Fcomments&post=10741"}],"version-history":[{"count":1,"href":"https:\/\/www.toque-musicall.com\/index.php?rest_route=\/wp\/v2\/posts\/10741\/revisions"}],"predecessor-version":[{"id":10742,"href":"https:\/\/www.toque-musicall.com\/index.php?rest_route=\/wp\/v2\/posts\/10741\/revisions\/10742"}],"wp:attachment":[{"href":"https:\/\/www.toque-musicall.com\/index.php?rest_route=%2Fwp%2Fv2%2Fmedia&parent=10741"}],"wp:term":[{"taxonomy":"category","embeddable":true,"href":"https:\/\/www.toque-musicall.com\/index.php?rest_route=%2Fwp%2Fv2%2Fcategories&post=10741"},{"taxonomy":"post_tag","embeddable":true,"href":"https:\/\/www.toque-musicall.com\/index.php?rest_route=%2Fwp%2Fv2%2Ftags&post=10741"}],"curies":[{"name":"wp","href":"https:\/\/api.w.org\/{rel}","templated":true}]}}