{"id":10744,"date":"2024-10-03T11:27:28","date_gmt":"2024-10-03T14:27:28","guid":{"rendered":"https:\/\/www.toque-musicall.com\/?p=10744"},"modified":"2024-10-06T11:29:56","modified_gmt":"2024-10-06T14:29:56","slug":"kadu-vianna-2003","status":"publish","type":"post","link":"https:\/\/www.toque-musicall.com\/?p=10744","title":{"rendered":"Kadu Vianna (2003)"},"content":{"rendered":"\n<figure class=\"wp-block-image size-large\"><img decoding=\"async\" src=\"https:\/\/blogger.googleusercontent.com\/img\/b\/R29vZ2xl\/AVvXsEgA5jdR9j0ipq9xILByusJXSy-EBZ8O2of7Deupe3nVwq4fk7ttbXctLDNId_gKwnrO10zmmC43wWZ6uxIx0JPuspGJveAsW85ukafVg8SBLT4Y5BJ3kUk5PHS2osCfCGkkCVFbtfPOCaslQDg36xl41GHJGqF_S1LACMuQ1JKNKuX3x_-QM2RRfJOK1vCw\/w640-h558\/Capturar.JPG\" alt=\"\"\/><\/figure>\n\n\n\n<figure class=\"wp-block-image size-large\"><img decoding=\"async\" src=\"https:\/\/blogger.googleusercontent.com\/img\/b\/R29vZ2xl\/AVvXsEgvypqD1Fz-rvlcoSd9ORVm5POeqzD2mEP6kd1YY1jtWI8Fx5_PUHjzsFKgJIdciqpqZa3WfmF5PavYaEWEJusgMPDWheNFEV7ZXVuuqwJAP8CjdlqEpDQvCsWhyphenhyphenesc-vPAEki4PVioQn8sP884kzk0YTkFgiuEbqLqCIbe5PyhH9HwmQcz-eQzXel0TkqX\/w640-h560\/Capturarb.JPG\" alt=\"\"\/><\/figure>\n\n\n<div class=\"separator\">Come\u00e7amos outubro dedicado aos cd&#8217;s, aos discos da gera\u00e7\u00e3o digital, lan\u00e7amentos pensados para este formato que continua sendo a op\u00e7\u00e3o mais em conta para os artistas de hoje em dia e tamb\u00e9m para o colecionador. Ali\u00e1s, observa-se que o colecionismo fonomusical para o cd tem voltado, ou por outra, dir\u00edamos que muita gente aprecia o formato. Al\u00e9m do qu\u00ea, o cd tem sua pr\u00f3pria hist\u00f3ria, ou seja, tem sua produ\u00e7\u00e3o e muito desta, ou at\u00e9 mesmo sua maioria, n\u00e3o tem vers\u00e3o em vinil. Da\u00ed a necessidade de pontuarmos tamb\u00e9m essa produ\u00e7\u00e3o e nessa altura do campeonato, cai tamb\u00e9m como uma luva em nosso Toque Musical.<\/div>\n<div class=\"separator\">E nesta, temos desta vez, mais um artista mineiro, o cantor e compositor Kadu Vianna em seu disco de estr\u00e9ia, lan\u00e7ado em 2003 tranzendo um repert\u00f3rio muito bem selecionado, com m\u00fasicas pr\u00f3prias e de autores como Milton Nascimento e Ronaldo Bastos, Edu Lobo e Chico Buarque, seu parceiro Magno Mello e (com destaque) L\u00f4 Borges e Fernando Brant com a m\u00fasica que abre o disco, &#8220;Flor de Minas&#8221;, lind\u00edssima. Este trabalho foi\u00a0 produzido, arranjado e conduzido por Luiz Brasil. Kadu ainda conta com participa\u00e7\u00f5es especiais de Carlinhos Brown e Jaque Morelenbaum. Tudo isso garantiu ao artista uma super estr\u00e9ia, a altura de seu talento. Confiram&#8230;<\/div>\n<div class=\"separator\">\u00a0<\/div>\n<div class=\"separator\">flor de minas<\/div>\n<div class=\"separator\">sonhei que estava todo mundo nu<\/div>\n<div class=\"separator\">radio<\/div>\n<div class=\"separator\">nada ser\u00e1 como antes<\/div>\n<div class=\"separator\">bala perdida<\/div>\n<div class=\"separator\">m\u00e3os de poeta<\/div>\n<div class=\"separator\">cora\u00e7\u00e3o polar<\/div>\n<div class=\"separator\">falso<\/div>\n<div class=\"separator\">s\u00f3 me d\u00e3o solid\u00e3o<\/div>\n<div class=\"separator\">quantas religi\u00f5es tem o mundo<\/div>\n<div class=\"separator\">\u00e9 onde voc\u00ea mora<\/div>\n<div class=\"separator\">cambaio<\/div>\n<div class=\"separator\">amar voc\u00ea \u00e9 como me perder<\/div>\n<div class=\"separator\">\u00a0<\/div>\n<div class=\"separator\">\u00a0<\/div>\n<div class=\"separator\">.<\/div>","protected":false},"excerpt":{"rendered":"<p>Come\u00e7amos outubro dedicado aos cd&#8217;s, aos discos da gera\u00e7\u00e3o digital, lan\u00e7amentos pensados para este formato que continua sendo a op\u00e7\u00e3o mais em conta para os artistas de hoje em dia e tamb\u00e9m para o colecionador. Ali\u00e1s, observa-se que o colecionismo &hellip; <a href=\"https:\/\/www.toque-musicall.com\/?p=10744\">Continue lendo <span class=\"meta-nav\">&rarr;<\/span><\/a><\/p>\n","protected":false},"author":1,"featured_media":0,"comment_status":"closed","ping_status":"closed","sticky":false,"template":"","format":"standard","meta":{"footnotes":""},"categories":[1],"tags":[5791,5793,3017],"class_list":["post-10744","post","type-post","status-publish","format-standard","hentry","category-sem-categoria","tag-cds-2","tag-kadu-vianna","tag-selo-independente"],"_links":{"self":[{"href":"https:\/\/www.toque-musicall.com\/index.php?rest_route=\/wp\/v2\/posts\/10744","targetHints":{"allow":["GET"]}}],"collection":[{"href":"https:\/\/www.toque-musicall.com\/index.php?rest_route=\/wp\/v2\/posts"}],"about":[{"href":"https:\/\/www.toque-musicall.com\/index.php?rest_route=\/wp\/v2\/types\/post"}],"author":[{"embeddable":true,"href":"https:\/\/www.toque-musicall.com\/index.php?rest_route=\/wp\/v2\/users\/1"}],"replies":[{"embeddable":true,"href":"https:\/\/www.toque-musicall.com\/index.php?rest_route=%2Fwp%2Fv2%2Fcomments&post=10744"}],"version-history":[{"count":1,"href":"https:\/\/www.toque-musicall.com\/index.php?rest_route=\/wp\/v2\/posts\/10744\/revisions"}],"predecessor-version":[{"id":10745,"href":"https:\/\/www.toque-musicall.com\/index.php?rest_route=\/wp\/v2\/posts\/10744\/revisions\/10745"}],"wp:attachment":[{"href":"https:\/\/www.toque-musicall.com\/index.php?rest_route=%2Fwp%2Fv2%2Fmedia&parent=10744"}],"wp:term":[{"taxonomy":"category","embeddable":true,"href":"https:\/\/www.toque-musicall.com\/index.php?rest_route=%2Fwp%2Fv2%2Fcategories&post=10744"},{"taxonomy":"post_tag","embeddable":true,"href":"https:\/\/www.toque-musicall.com\/index.php?rest_route=%2Fwp%2Fv2%2Ftags&post=10744"}],"curies":[{"name":"wp","href":"https:\/\/api.w.org\/{rel}","templated":true}]}}