{"id":10746,"date":"2024-10-04T20:55:37","date_gmt":"2024-10-04T23:55:37","guid":{"rendered":"https:\/\/www.toque-musicall.com\/?p=10746"},"modified":"2024-10-06T21:01:32","modified_gmt":"2024-10-07T00:01:32","slug":"antonio-nobrega-madeira-que-cupim-nao-roi-1997","status":"publish","type":"post","link":"https:\/\/www.toque-musicall.com\/?p=10746","title":{"rendered":"Antonio N\u00f3brega &#8211; Madeira Que Cupim N\u00e3o R\u00f3i (1997)"},"content":{"rendered":"\n<figure class=\"wp-block-image size-large\"><img decoding=\"async\" src=\"https:\/\/blogger.googleusercontent.com\/img\/b\/R29vZ2xl\/AVvXsEjTrP0WMUm5gB9jWeTHh5iQP7m7SxJqjRnxZkuh0sW7PY42jk2Qw85uLRzj8OA_oQQDDChwBpg_sTTEiMCWNLScDjlVOmrDEJxwvsjHx0zuqC1vZsPrz9OMQLRdTAxw2_Ky4oXoFUyam-wSY6hI-ibgVhCqq3tml65UL4W2z-lUKkzS6FCqXQrJ-1QG15k-\/w640-h566\/Capturar.JPG\" alt=\"\"\/><\/figure>\n\n\n\n<figure class=\"wp-block-image size-large\"><img decoding=\"async\" src=\"https:\/\/blogger.googleusercontent.com\/img\/b\/R29vZ2xl\/AVvXsEhuTrGV_D5qmwijILGYer61LZYHzfF_MuWV_DFWBjE6gL-EPwxFPF_apgSC7Tcbf6Sjkc7xEarrS6FmjIT1g00wRaycgUAMI3e2Ndr30MRF_auLAEaTJy7wZQTPJgB9bMLhzCxEBA_OkiiqSYHmftNw-HvcGqNyPiOYYLb4mWB3Y35whor-66bxipzFLScu\/w640-h560\/Capturarb.JPG\" alt=\"\"\/><\/figure>\n\n\n<div class=\"separator\">Temos aqui, &#8220;Madeira que cupim n\u00e3o r\u00f3i&#8221;, segundo disco solo do cantor, compositor e multinstrumentista\u00a0 pernambucano Antonio N\u00f3brega. Entre outras qualidades, nosso artista tamb\u00e9m \u00e9 ator, dan\u00e7arino e um eterno pesquisador das manifesta\u00e7\u00f5es culturais populares do Brasil. Antonio N\u00f3brega foi tamb\u00e9m um dos integrantes do maravilhoso Quinteto Armonial, cujo alguns de seus discos at\u00e9 j\u00e1 publicamos aqui no Toque Musical.\u00a0<\/div>\n<div class=\"separator\">Os trabalhos solos de N\u00f3brega foram at\u00e9 ent\u00e3o, lan\u00e7ados somente em formato cd. Escolhemos este no acaso, considerando que qualquer outro de seus discos s\u00e3o t\u00e3o bons ou melhores. Eis aqui &#8220;Madeira que cupim n\u00e3o r\u00f3i&#8221; que seria uma esp\u00e9cie de continua\u00e7\u00e3o do primeiro disco. Tanto, que traz o subt\u00edtulo &#8220;Na pancanda do ganz\u00e1 2&#8221;. &#8220;Madeira que cupim n\u00e3o r\u00f3i&#8221; \u00e9 o nome de uma consagrada marcha de bloco, de Capiba, sempre lembrada no carnaval de Recife e Olinda. &#8220;Na pancada do ganz\u00e1&#8221; e &#8220;Madeira que cupim n\u00e3o r\u00f3i&#8221; s\u00e3o, antes de tudo, espet\u00e1culos que viraram disco. Coisa linda de v\u00ea e ouvir.<\/div>\n<div class=\"separator\">\u00a0<\/div>\n<div class=\"separator\">abri\u00e7\u00e3o deportas<\/div>\n<div class=\"separator\">canudos<\/div>\n<div class=\"separator\">chegan\u00e7a<\/div>\n<div class=\"separator\">quinto imperio<\/div>\n<div class=\"separator\">olodumar\u00e9<\/div>\n<div class=\"separator\">nascimento do passo<\/div>\n<div class=\"separator\">andarilho<\/div>\n<div class=\"separator\">o vaqueiro e o pescador<\/div>\n<div class=\"separator\">quando as gl\u00f3rias que gozei<\/div>\n<div class=\"separator\">madeira que cupim n\u00e3o r\u00f3i<\/div>\n<div class=\"separator\">corisco (instrumental)<\/div>\n<div class=\"separator\">monga<\/div>\n<div class=\"separator\">coco da lagartixa<\/div>\n<div class=\"separator\">maracatu misterioso<\/div>\n<div class=\"separator\">rasga do nordeste (instrumental)<\/div>\n<div class=\"separator\">li\u00e7\u00e3o de namoro<\/div>\n<div class=\"separator\">sambada de mestres<\/div>\n<div class=\"separator\">vou-me embora<\/div>\n<div class=\"separator\">\u00a0<\/div>\n<div class=\"separator\">\u00a0<\/div>\n<div class=\"separator\">.<\/div>","protected":false},"excerpt":{"rendered":"<p>Temos aqui, &#8220;Madeira que cupim n\u00e3o r\u00f3i&#8221;, segundo disco solo do cantor, compositor e multinstrumentista\u00a0 pernambucano Antonio N\u00f3brega. Entre outras qualidades, nosso artista tamb\u00e9m \u00e9 ator, dan\u00e7arino e um eterno pesquisador das manifesta\u00e7\u00f5es culturais populares do Brasil. Antonio N\u00f3brega foi &hellip; <a href=\"https:\/\/www.toque-musicall.com\/?p=10746\">Continue lendo <span class=\"meta-nav\">&rarr;<\/span><\/a><\/p>\n","protected":false},"author":1,"featured_media":0,"comment_status":"closed","ping_status":"closed","sticky":false,"template":"","format":"standard","meta":{"footnotes":""},"categories":[1],"tags":[5794,5791,3017],"class_list":["post-10746","post","type-post","status-publish","format-standard","hentry","category-sem-categoria","tag-antonio-nobrega","tag-cds-2","tag-selo-independente"],"_links":{"self":[{"href":"https:\/\/www.toque-musicall.com\/index.php?rest_route=\/wp\/v2\/posts\/10746","targetHints":{"allow":["GET"]}}],"collection":[{"href":"https:\/\/www.toque-musicall.com\/index.php?rest_route=\/wp\/v2\/posts"}],"about":[{"href":"https:\/\/www.toque-musicall.com\/index.php?rest_route=\/wp\/v2\/types\/post"}],"author":[{"embeddable":true,"href":"https:\/\/www.toque-musicall.com\/index.php?rest_route=\/wp\/v2\/users\/1"}],"replies":[{"embeddable":true,"href":"https:\/\/www.toque-musicall.com\/index.php?rest_route=%2Fwp%2Fv2%2Fcomments&post=10746"}],"version-history":[{"count":1,"href":"https:\/\/www.toque-musicall.com\/index.php?rest_route=\/wp\/v2\/posts\/10746\/revisions"}],"predecessor-version":[{"id":10747,"href":"https:\/\/www.toque-musicall.com\/index.php?rest_route=\/wp\/v2\/posts\/10746\/revisions\/10747"}],"wp:attachment":[{"href":"https:\/\/www.toque-musicall.com\/index.php?rest_route=%2Fwp%2Fv2%2Fmedia&parent=10746"}],"wp:term":[{"taxonomy":"category","embeddable":true,"href":"https:\/\/www.toque-musicall.com\/index.php?rest_route=%2Fwp%2Fv2%2Fcategories&post=10746"},{"taxonomy":"post_tag","embeddable":true,"href":"https:\/\/www.toque-musicall.com\/index.php?rest_route=%2Fwp%2Fv2%2Ftags&post=10746"}],"curies":[{"name":"wp","href":"https:\/\/api.w.org\/{rel}","templated":true}]}}