{"id":10748,"date":"2024-10-05T21:02:05","date_gmt":"2024-10-06T00:02:05","guid":{"rendered":"https:\/\/www.toque-musicall.com\/?p=10748"},"modified":"2024-10-06T21:04:00","modified_gmt":"2024-10-07T00:04:00","slug":"bene-fonteles-benditos-2002","status":"publish","type":"post","link":"https:\/\/www.toque-musicall.com\/?p=10748","title":{"rendered":"Ben\u00e9 Fonteles &#8211; Benditos (2002)\u00a0"},"content":{"rendered":"\n<figure class=\"wp-block-image size-large\"><img decoding=\"async\" src=\"https:\/\/blogger.googleusercontent.com\/img\/b\/R29vZ2xl\/AVvXsEhYebCT1Acl_3Zfi8mai6hQ8kcCLDhYb5JKjsyxdQjucw4plpM1Mc8hbolnPHdwEEUMoYJBitkYzG5FB2WkODf9NvCNQGACdh7_iYNK4WXr4idhcS4NTTTjTI3gawfi5ZvOidhaTKi1q-fM3VKyX7fYu1Aj-IaC7DnZGilN09BTro04Zeaam1XYR51thWCH\/w640-h594\/Capturar.JPG\" alt=\"\"\/><\/figure>\n\n\n\n<figure class=\"wp-block-image size-large\"><img decoding=\"async\" src=\"https:\/\/blogger.googleusercontent.com\/img\/b\/R29vZ2xl\/AVvXsEiM7X3yxRRt8x74jeRaCaKk7Y2xMllxCnMgJZP_xwbWze-N3EZi7YArURHTvJYjZ6ZqVP2Hv76eVgoZ406xOaUR7Gy02Ujp0IXemhgBFZieI4wlvBZx0M3zgJuIOEbfDj6srHJaBoRBVzvYT4U86EqDxqXAIYMzwaLI7KmZjaBc7JxT_DKlnxAJcxlA1hwS\/w640-h600\/Capturarb.JPG\" alt=\"\"\/><\/figure>\n\n\n<div class=\"separator\">Aqui um &#8216;album&#8217;\/cd dos mais interessantes, pe\u00e7a importante e decisiva na sele\u00e7\u00e3o de cds desta mostra. Trazemos agora &#8220;Beneditos&#8221;, de 2002, produ\u00e7\u00e3o do Sesc\/SP que re\u00fane os tr\u00eas primeiros trabalhos do artista paraense Ben\u00e9 Fonteles: &#8220;Benedito&#8221; de 1983, &#8220;Silencioso&#8221; de 87 e &#8220;A\u00ea&#8221; de 91. Os tr\u00eas trabalhos foram condensados em apenas um cd. Lembrando que &#8220;Silencioso&#8221; \u00e9 um disco conceitual, ou seja, ele enquanto material fonogr\u00e1fico n\u00e3o existe, somente a capa. Quanto a &#8220;Benedito&#8221; e &#8220;A\u00ea&#8221;, j\u00e1 foram publicados aqui em outros momentos. Mesmo assim, vale muito a pena conhecer essa produ\u00e7\u00e3o de um artista que n\u00e3o \u00e9 m\u00fasico, mas est\u00e1 sempre rodeado e acompanhado de m\u00fasicos de primeir\u00edssima&#8230;<\/div>\n<div class=\"separator\">Imperd\u00edvel!<\/div>\n<div class=\"separator\">\u00a0<\/div>\n<div class=\"separator\">aboio\u00a0<\/div>\n<div class=\"separator\">dentro da nuvem<\/div>\n<div class=\"separator\">na verdura do mar<\/div>\n<div class=\"separator\">aves e frutos<\/div>\n<div class=\"separator\">a chapada ensina<\/div>\n<div class=\"separator\">n&#8217;aaguay<\/div>\n<div class=\"separator\">o som da pessoa<\/div>\n<div class=\"separator\">exemplo de pedra<\/div>\n<div class=\"separator\">om<\/div>\n<div class=\"separator\">o silencio de um minuto<\/div>\n<div class=\"separator\">amar<\/div>\n<div class=\"separator\">onde navega o ser<\/div>\n<div class=\"separator\">so.li.d\u00e3o<\/div>\n<div class=\"separator\">n\u00f4madi tarqui<\/div>\n<div class=\"separator\">tudo em todo<\/div>\n<div class=\"separator\">um novo dia<\/div>\n<div class=\"separator\">azul<\/div>\n<div class=\"separator\">sem olhar<\/div>\n<div class=\"separator\">mergulhador<\/div>\n<div class=\"separator\">a\u00ea<\/div>\n<div class=\"separator\">onda azul<\/div>\n<div class=\"separator\">\u00a0<\/div>\n<div class=\"separator\">\u00a0<\/div>","protected":false},"excerpt":{"rendered":"<p>Aqui um &#8216;album&#8217;\/cd dos mais interessantes, pe\u00e7a importante e decisiva na sele\u00e7\u00e3o de cds desta mostra. Trazemos agora &#8220;Beneditos&#8221;, de 2002, produ\u00e7\u00e3o do Sesc\/SP que re\u00fane os tr\u00eas primeiros trabalhos do artista paraense Ben\u00e9 Fonteles: &#8220;Benedito&#8221; de 1983, &#8220;Silencioso&#8221; de &hellip; <a href=\"https:\/\/www.toque-musicall.com\/?p=10748\">Continue lendo <span class=\"meta-nav\">&rarr;<\/span><\/a><\/p>\n","protected":false},"author":1,"featured_media":0,"comment_status":"closed","ping_status":"closed","sticky":false,"template":"","format":"standard","meta":{"footnotes":""},"categories":[1],"tags":[5795,5791,3017],"class_list":["post-10748","post","type-post","status-publish","format-standard","hentry","category-sem-categoria","tag-bene-fonteles","tag-cds-2","tag-selo-independente"],"_links":{"self":[{"href":"https:\/\/www.toque-musicall.com\/index.php?rest_route=\/wp\/v2\/posts\/10748","targetHints":{"allow":["GET"]}}],"collection":[{"href":"https:\/\/www.toque-musicall.com\/index.php?rest_route=\/wp\/v2\/posts"}],"about":[{"href":"https:\/\/www.toque-musicall.com\/index.php?rest_route=\/wp\/v2\/types\/post"}],"author":[{"embeddable":true,"href":"https:\/\/www.toque-musicall.com\/index.php?rest_route=\/wp\/v2\/users\/1"}],"replies":[{"embeddable":true,"href":"https:\/\/www.toque-musicall.com\/index.php?rest_route=%2Fwp%2Fv2%2Fcomments&post=10748"}],"version-history":[{"count":1,"href":"https:\/\/www.toque-musicall.com\/index.php?rest_route=\/wp\/v2\/posts\/10748\/revisions"}],"predecessor-version":[{"id":10749,"href":"https:\/\/www.toque-musicall.com\/index.php?rest_route=\/wp\/v2\/posts\/10748\/revisions\/10749"}],"wp:attachment":[{"href":"https:\/\/www.toque-musicall.com\/index.php?rest_route=%2Fwp%2Fv2%2Fmedia&parent=10748"}],"wp:term":[{"taxonomy":"category","embeddable":true,"href":"https:\/\/www.toque-musicall.com\/index.php?rest_route=%2Fwp%2Fv2%2Fcategories&post=10748"},{"taxonomy":"post_tag","embeddable":true,"href":"https:\/\/www.toque-musicall.com\/index.php?rest_route=%2Fwp%2Fv2%2Ftags&post=10748"}],"curies":[{"name":"wp","href":"https:\/\/api.w.org\/{rel}","templated":true}]}}