{"id":1075,"date":"2009-09-25T16:59:00","date_gmt":"2009-09-25T16:59:00","guid":{"rendered":"http:\/\/www.toque-musicall.com\/?p=1075"},"modified":"2009-09-25T16:59:00","modified_gmt":"2009-09-25T16:59:00","slug":"adler-sao-luiz-tambo-de-criola","status":"publish","type":"post","link":"https:\/\/www.toque-musicall.com\/?p=1075","title":{"rendered":"Adler S\u00e3o Luiz &#8211; Tamb\u00f4 De Criola"},"content":{"rendered":"<div><a href=\"http:\/\/4.bp.blogspot.com\/_DSKVEvHtskc\/Srz3KisntII\/AAAAAAAAFY8\/kwveYJOfGvM\/s1600-h\/adler+P.JPG\"><img decoding=\"async\" style=\"TEXT-ALIGN: center; MARGIN: 0px auto 10px; WIDTH: 400px; DISPLAY: block; HEIGHT: 396px; CURSOR: hand\" id=\"BLOGGER_PHOTO_ID_5385451014912980098\" border=\"0\" alt=\"\" src=\"http:\/\/4.bp.blogspot.com\/_DSKVEvHtskc\/Srz3KisntII\/AAAAAAAAFY8\/kwveYJOfGvM\/s400\/adler+P.JPG\" \/><\/a>Ol\u00e1 amigos cultos e ocultos! Hoje est\u00e1 sendo um dia de recupera\u00e7\u00e3o para mim. Estou ainda um pouco baqueado e ao contr\u00e1rio das outras sextas-feiras eu pretendo ficar &#8216;pianinho&#8217; em casa, quieto para sair logo desse desconforto.<\/p>\n<div>Como durante a semana eu ainda n\u00e3o postei um artista independente, vamos faz\u00ea-lo hoje. Ali\u00e1s, a sexta-feira tem sido mesmo para isso. Mas eu n\u00e3o quero instituir o dia para esta \u00fanica finalidade. Os discos independentes vir\u00e3o sem hora marcada, mas procurarei mant\u00ea-los semanalmente.<\/div>\n<div>Hoje temos aqui um artista maranhense, pouco conhecido (ou divulgado?) aqui pelas bandas do sul &#8211; Adler S\u00e3o Luiz &#8211; que trocou corretamente o Z pelo S (provavelmente depois da &#8216;chamada&#8217; do nosso amigo professor Pasquale). Ele agora atende por Adler S\u00e3o Luis \ud83d\ude42 e continua mandando ver (e ouvir). Adler \u00e9 um cantor e compositor com m\u00fasicas gravadas por artistas importantes. Zez\u00e9 Motta, por exemplo, gravou dele &#8220;Merengue&#8221; no disco Quarteto Negro.<\/div>\n<div>Neste \u00e1lbum que, me parece, foi seu primeiro e \u00fanico, temos o artista apresentando dez composi\u00e7\u00f5es pr\u00f3prias ao lado de convidados especiais como Luiz Melodia, Marcos Suzano, Paulo Moura e outros mais&#8230; Pessoalmente, gostei do disco que at\u00e9 ent\u00e3o eu n\u00e3o conhecia. Vale o toque musical. Confiram&#8230;<\/div>\n<div><\/div>\n<div style=\"text-align: center;\">louco feliz<\/div>\n<div style=\"text-align: center;\">n\u00f3-destino<\/div>\n<div style=\"text-align: center;\">sanfoneiros do brasil<\/div>\n<div style=\"text-align: center;\">choro chinez<\/div>\n<div style=\"text-align: center;\">bateu tamb\u00f4<\/div>\n<div style=\"text-align: center;\">vida cigana<\/div>\n<div style=\"text-align: center;\">a metamorfose<\/div>\n<div style=\"text-align: center;\">aquele merengue<\/div>\n<div style=\"text-align: center;\">eu sinto seu sentimento<\/div>\n<div style=\"text-align: center;\">yrarapurana<\/div>\n<div style=\"text-align: center;\"><\/div>\n<div style=\"text-align: center;\"><\/div>\n<\/div>\n","protected":false},"excerpt":{"rendered":"<p>Ol\u00e1 amigos cultos e ocultos! Hoje est\u00e1 sendo um dia de recupera\u00e7\u00e3o para mim. Estou ainda um pouco baqueado e ao contr\u00e1rio das outras sextas-feiras eu pretendo ficar &#8216;pianinho&#8217; em casa, quieto para sair logo desse desconforto. Como durante a &hellip; <a href=\"https:\/\/www.toque-musicall.com\/?p=1075\">Continue lendo <span class=\"meta-nav\">&rarr;<\/span><\/a><\/p>\n","protected":false},"author":1,"featured_media":0,"comment_status":"open","ping_status":"closed","sticky":false,"template":"","format":"standard","meta":{"footnotes":""},"categories":[1364],"tags":[],"class_list":["post-1075","post","type-post","status-publish","format-standard","hentry","category-adler-sao-luiz"],"_links":{"self":[{"href":"https:\/\/www.toque-musicall.com\/index.php?rest_route=\/wp\/v2\/posts\/1075","targetHints":{"allow":["GET"]}}],"collection":[{"href":"https:\/\/www.toque-musicall.com\/index.php?rest_route=\/wp\/v2\/posts"}],"about":[{"href":"https:\/\/www.toque-musicall.com\/index.php?rest_route=\/wp\/v2\/types\/post"}],"author":[{"embeddable":true,"href":"https:\/\/www.toque-musicall.com\/index.php?rest_route=\/wp\/v2\/users\/1"}],"replies":[{"embeddable":true,"href":"https:\/\/www.toque-musicall.com\/index.php?rest_route=%2Fwp%2Fv2%2Fcomments&post=1075"}],"version-history":[{"count":0,"href":"https:\/\/www.toque-musicall.com\/index.php?rest_route=\/wp\/v2\/posts\/1075\/revisions"}],"wp:attachment":[{"href":"https:\/\/www.toque-musicall.com\/index.php?rest_route=%2Fwp%2Fv2%2Fmedia&parent=1075"}],"wp:term":[{"taxonomy":"category","embeddable":true,"href":"https:\/\/www.toque-musicall.com\/index.php?rest_route=%2Fwp%2Fv2%2Fcategories&post=1075"},{"taxonomy":"post_tag","embeddable":true,"href":"https:\/\/www.toque-musicall.com\/index.php?rest_route=%2Fwp%2Fv2%2Ftags&post=1075"}],"curies":[{"name":"wp","href":"https:\/\/api.w.org\/{rel}","templated":true}]}}