{"id":10757,"date":"2024-10-09T20:16:27","date_gmt":"2024-10-09T23:16:27","guid":{"rendered":"https:\/\/www.toque-musicall.com\/?p=10757"},"modified":"2024-10-12T20:20:07","modified_gmt":"2024-10-12T23:20:07","slug":"na-ozzetti-balangandas-2009","status":"publish","type":"post","link":"https:\/\/www.toque-musicall.com\/?p=10757","title":{"rendered":"N\u00e1 Ozzetti &#8211; Balangand\u00e3s (2009)"},"content":{"rendered":"\n<figure class=\"wp-block-image size-large\"><img decoding=\"async\" src=\"https:\/\/blogger.googleusercontent.com\/img\/b\/R29vZ2xl\/AVvXsEiIkp3BqLcNTCJRttVazvNxx3pdccIT6tI4Dj8Q7H8vk8f1Nebea3023D_7swloKXc_qL3nznpLbqg-Igtdb3aT8WJuGNc2OzWjGkheqZD6GZv4ialIZh_c6p70xCeAcwH6-NKRcliFGCUzNIqo0CVTPA7XBX8Enxck26kobSLcKBE0xyy0iS1u1p3YZ3lD\/w640-h564\/Capturar.JPG\" alt=\"\"\/><\/figure>\n\n\n\n<figure class=\"wp-block-image size-large\"><img decoding=\"async\" src=\"https:\/\/blogger.googleusercontent.com\/img\/b\/R29vZ2xl\/AVvXsEjNOofdnIOm7vEXuMSCvQzP2fgKOWfS3OWdcHb7V_u-6loYzT2qweW4TCFASMY0_EqsPAo0M2qHYVFEiuNxMvwToZw4XZffUDOqB4KPl1Jtn2XgaKVnHZIKBONH6tmssI5F9gqTyBktVAr67luToaF4IBG7vFKd4vfbzG3b-4JCNi3aXitVGqGCG5-2bW1s\/w640-h572\/Capturarb.JPG\" alt=\"\"\/><\/figure>\n\n\n<div class=\"separator\">Mais uma joinha aqui no nosso Toque Musical, desta vez destacando a cantora e compositora paulista N\u00e1 Ozzetti em um disco dos mais interessantes, &#8220;Balangand\u00e3s\/&#8217;, uma releitura de uma s\u00e9rie de sucessos que fizeram parte do repert\u00f3rio de Carmem Miranda.\u00a0 Disco lan\u00e7ado em 2009, produ\u00e7\u00e3o independente, N\u00e1 Records.<\/div>\n<div class=\"separator\">\u00a0<\/div>\n<div class=\"separator\">imperador do samba<\/div>\n<div class=\"separator\">camisa listada<\/div>\n<div class=\"separator\">tic tac do meu cora\u00e7\u00e3o<\/div>\n<div class=\"separator\">disseram que eu voltei americanizada<\/div>\n<div class=\"separator\">touradsa em madri<\/div>\n<div class=\"separator\">e o mundo n\u00e3o se acabou<\/div>\n<div class=\"separator\">ao voltar do samba<\/div>\n<div class=\"separator\">na batucada da vida<\/div>\n<div class=\"separator\">diz que tem<\/div>\n<div class=\"separator\">a preta do acaraj\u00e9<\/div>\n<div class=\"separator\">recenseamento<\/div>\n<div class=\"separator\">o samba e o tango<\/div>\n<div class=\"separator\">tico-tico no fub\u00e1<\/div>\n<div class=\"separator\">chattanooga choo-choo<\/div>\n<div class=\"separator\">adeus batucada<\/div>\n<div class=\"separator\">\u00a0<\/div>\n<div class=\"separator\">\u00a0<\/div>\n<div class=\"separator\">\u00a0<\/div>","protected":false},"excerpt":{"rendered":"<p>Mais uma joinha aqui no nosso Toque Musical, desta vez destacando a cantora e compositora paulista N\u00e1 Ozzetti em um disco dos mais interessantes, &#8220;Balangand\u00e3s\/&#8217;, uma releitura de uma s\u00e9rie de sucessos que fizeram parte do repert\u00f3rio de Carmem Miranda.\u00a0 &hellip; <a href=\"https:\/\/www.toque-musicall.com\/?p=10757\">Continue lendo <span class=\"meta-nav\">&rarr;<\/span><\/a><\/p>\n","protected":false},"author":1,"featured_media":0,"comment_status":"closed","ping_status":"closed","sticky":false,"template":"","format":"standard","meta":{"footnotes":""},"categories":[1],"tags":[5791,5802,3017],"class_list":["post-10757","post","type-post","status-publish","format-standard","hentry","category-sem-categoria","tag-cds-2","tag-na-ozzetti","tag-selo-independente"],"_links":{"self":[{"href":"https:\/\/www.toque-musicall.com\/index.php?rest_route=\/wp\/v2\/posts\/10757","targetHints":{"allow":["GET"]}}],"collection":[{"href":"https:\/\/www.toque-musicall.com\/index.php?rest_route=\/wp\/v2\/posts"}],"about":[{"href":"https:\/\/www.toque-musicall.com\/index.php?rest_route=\/wp\/v2\/types\/post"}],"author":[{"embeddable":true,"href":"https:\/\/www.toque-musicall.com\/index.php?rest_route=\/wp\/v2\/users\/1"}],"replies":[{"embeddable":true,"href":"https:\/\/www.toque-musicall.com\/index.php?rest_route=%2Fwp%2Fv2%2Fcomments&post=10757"}],"version-history":[{"count":1,"href":"https:\/\/www.toque-musicall.com\/index.php?rest_route=\/wp\/v2\/posts\/10757\/revisions"}],"predecessor-version":[{"id":10758,"href":"https:\/\/www.toque-musicall.com\/index.php?rest_route=\/wp\/v2\/posts\/10757\/revisions\/10758"}],"wp:attachment":[{"href":"https:\/\/www.toque-musicall.com\/index.php?rest_route=%2Fwp%2Fv2%2Fmedia&parent=10757"}],"wp:term":[{"taxonomy":"category","embeddable":true,"href":"https:\/\/www.toque-musicall.com\/index.php?rest_route=%2Fwp%2Fv2%2Fcategories&post=10757"},{"taxonomy":"post_tag","embeddable":true,"href":"https:\/\/www.toque-musicall.com\/index.php?rest_route=%2Fwp%2Fv2%2Ftags&post=10757"}],"curies":[{"name":"wp","href":"https:\/\/api.w.org\/{rel}","templated":true}]}}