{"id":1076,"date":"2009-09-24T09:40:00","date_gmt":"2009-09-24T09:40:00","guid":{"rendered":"http:\/\/www.toque-musicall.com\/?p=1076"},"modified":"2009-09-24T09:40:00","modified_gmt":"2009-09-24T09:40:00","slug":"saudades-da-minha-terra-1988","status":"publish","type":"post","link":"https:\/\/www.toque-musicall.com\/?p=1076","title":{"rendered":"Saudades Da Minha Terra (1988)"},"content":{"rendered":"<p><a href=\"http:\/\/3.bp.blogspot.com\/_DSKVEvHtskc\/SrtCdHZB6fI\/AAAAAAAAFYw\/Evev2LErjyA\/s1600-h\/saudades+da+minha+terra+P.JPG\"><img decoding=\"async\" style=\"display:block; margin:0px auto 10px; text-align:center;cursor:pointer; cursor:hand;width: 400px; height: 398px;\" src=\"http:\/\/3.bp.blogspot.com\/_DSKVEvHtskc\/SrtCdHZB6fI\/AAAAAAAAFYw\/Evev2LErjyA\/s400\/saudades+da+minha+terra+P.JPG\" border=\"0\" alt=\"\" id=\"BLOGGER_PHOTO_ID_5384970847419230706\" \/><\/a>Ol\u00e1! Bom dia para todos n\u00f3s! Nessa sauda\u00e7\u00e3o eu tamb\u00e9m me incluo. Estou precisando que meu dia seja ainda mais feliz. N\u00e3o quero estar sentindo o mesmo mal estar de ontem. At\u00e9 agora vai tudo bem&#8230; \u00c9 interessante como o poder da m\u00fasica nos \u00e9 curativo. Realmente, ela cura o corpo e alma. O que seria de mim se n\u00e3o fosse a m\u00fasica. Isso me fez lembrar agora de uma composi\u00e7\u00e3o do genial P\u00e9ricles Cavalcanti, chamada <a href=\"http:\/\/rapidshare.com\/files\/284327608\/P__ricles_Cavalcanti-12-Odeio_M__sica.mp3\">&#8220;Eu odeio m\u00fasica&#8221;<\/a>, a qual define exatamente o que eu sinto pela m\u00fasica. Mas vou deixar o P\u00e9ricles (completo) para um outro momento. Vamos de volta aos antigos&#8230;<\/p>\n<div>Hoje eu estou postando um trabalho dos mais interessantes e importantes para o resgate da nossa m\u00fasica. Mais um \u00e1lbum criado por Paulo Iabutti e seu selo Evoca\u00e7\u00e3o. N\u00e3o tive tempo de me aprofundar na pesquisa sobre quem ele \u00e9, mas do pouco que tenho de informa\u00e7\u00e3o sei que foi o respons\u00e1vel por trazer de volta nomes esquecidos e dos prim\u00f3rdios da m\u00fasica popular brasileira. A produ\u00e7\u00e3o, sele\u00e7\u00e3o musical e at\u00e9 a arte da capa s\u00e3o de Paulo. Bacana! Isso \u00e9 que \u00e9 paix\u00e3o pela m\u00fasica! Neste \u00e1lbum, como se pode ver pela capa, est\u00e3o inclu\u00eddos doze fonogramas raros que certamente s\u00f3 voltaram a ser ouvidos uns 5o anos depois. Acredito que antes deste disco, nenhuma das grava\u00e7\u00f5es chegaram a ser relan\u00e7adas. S\u00e3o obras que correspondem ao per\u00edodo que vai de 1929 a 45. Na contracapa do lp temos um texto de apresenta\u00e7\u00e3o onde o autor, Estevam de Andr\u00e9a, nos fala sobre cada uma das m\u00fasicas, um dado fundamental e que valoriza ainda mais o \u00e1lbum. H\u00e1 tamb\u00e9m um encarte interno onde s\u00e3o apresentados os artistas. Perfeito! Todo disco deveria ser assim. Fica a\u00ed o meu toque musical do dia. Espero que apreciem&#8230;<\/div>\n<div><\/div>\n<div style=\"text-align: center;\">nancy &#8211; moacyr bueno rocha e orq. de concertos columbia (1932)<\/div>\n<div style=\"text-align: center;\">nem que chova canivete &#8211; patr\u00edcio teixeira e orq. columbia (1933)<\/div>\n<div style=\"text-align: center;\">amarga serenata &#8211; jorge amaral e orq. de sal\u00e3o (1936)<\/div>\n<div style=\"text-align: center;\">japonezinha &#8211; dalva de oliveira, dupla preto &#038; branco c\/ benedito lacerda (1939)<\/div>\n<div style=\"text-align: center;\">all\u00f4 john &#8211; jurandyr santos e orq. columbia (1933)<\/div>\n<div style=\"text-align: center;\">nossa senhora do amparo &#8211; arnaldo pescuma e conjunto serenata (1937)<\/div>\n<div style=\"text-align: center;\">saudades da minha terra &#8211; janu\u00e1rio de oliveira e conjunto serenata (1937)<\/div>\n<div style=\"text-align: center;\">\u00e9 batucada &#8211; antonio moreira da silva e gente do morro (1933)<\/div>\n<div style=\"text-align: center;\">perd\u00e3o em\u00edlia &#8211; paraguassu com rago e seu conjunto (1945)<\/div>\n<div style=\"text-align: center;\">saudades &#8211; jayme redondo e trio ghiraldini (1929)<\/div>\n<div style=\"text-align: center;\">eu sou celibat\u00e1rio &#8211; deo com nicolini e sua orquestra (1937)<\/div>\n<div style=\"text-align: center;\">amando sobre o mar &#8211; ubirajara e orq. colbaz (1932)<\/div>\n<div style=\"text-align: center;\"><\/div>\n<div style=\"text-align: center;\"><\/div>\n","protected":false},"excerpt":{"rendered":"<p>Ol\u00e1! Bom dia para todos n\u00f3s! Nessa sauda\u00e7\u00e3o eu tamb\u00e9m me incluo. Estou precisando que meu dia seja ainda mais feliz. N\u00e3o quero estar sentindo o mesmo mal estar de ontem. At\u00e9 agora vai tudo bem&#8230; \u00c9 interessante como o &hellip; <a href=\"https:\/\/www.toque-musicall.com\/?p=1076\">Continue lendo <span class=\"meta-nav\">&rarr;<\/span><\/a><\/p>\n","protected":false},"author":1,"featured_media":0,"comment_status":"open","ping_status":"closed","sticky":false,"template":"","format":"standard","meta":{"footnotes":""},"categories":[1365,1303],"tags":[],"class_list":["post-1076","post","type-post","status-publish","format-standard","hentry","category-saudades-da-minha-terra","category-variados"],"_links":{"self":[{"href":"https:\/\/www.toque-musicall.com\/index.php?rest_route=\/wp\/v2\/posts\/1076","targetHints":{"allow":["GET"]}}],"collection":[{"href":"https:\/\/www.toque-musicall.com\/index.php?rest_route=\/wp\/v2\/posts"}],"about":[{"href":"https:\/\/www.toque-musicall.com\/index.php?rest_route=\/wp\/v2\/types\/post"}],"author":[{"embeddable":true,"href":"https:\/\/www.toque-musicall.com\/index.php?rest_route=\/wp\/v2\/users\/1"}],"replies":[{"embeddable":true,"href":"https:\/\/www.toque-musicall.com\/index.php?rest_route=%2Fwp%2Fv2%2Fcomments&post=1076"}],"version-history":[{"count":0,"href":"https:\/\/www.toque-musicall.com\/index.php?rest_route=\/wp\/v2\/posts\/1076\/revisions"}],"wp:attachment":[{"href":"https:\/\/www.toque-musicall.com\/index.php?rest_route=%2Fwp%2Fv2%2Fmedia&parent=1076"}],"wp:term":[{"taxonomy":"category","embeddable":true,"href":"https:\/\/www.toque-musicall.com\/index.php?rest_route=%2Fwp%2Fv2%2Fcategories&post=1076"},{"taxonomy":"post_tag","embeddable":true,"href":"https:\/\/www.toque-musicall.com\/index.php?rest_route=%2Fwp%2Fv2%2Ftags&post=1076"}],"curies":[{"name":"wp","href":"https:\/\/api.w.org\/{rel}","templated":true}]}}