{"id":10761,"date":"2024-10-11T19:10:45","date_gmt":"2024-10-11T22:10:45","guid":{"rendered":"https:\/\/www.toque-musicall.com\/?p=10761"},"modified":"2024-10-14T19:13:17","modified_gmt":"2024-10-14T22:13:17","slug":"tom-ze-ze-miguel-wisnik-parabelo-1997","status":"publish","type":"post","link":"https:\/\/www.toque-musicall.com\/?p=10761","title":{"rendered":"Tom Z\u00e9 &amp; Z\u00e9 Miguel Wisnik &#8211; Parabelo (1997)"},"content":{"rendered":"\n<figure class=\"wp-block-image size-large\"><img decoding=\"async\" src=\"https:\/\/blogger.googleusercontent.com\/img\/b\/R29vZ2xl\/AVvXsEiGn1t-y3e0T2dEyyixnakti-PBdzUj-Y1PbHClbKJiFG7wiSlTYBj00Ha_QhixMpliFUlvFIuqs-qWZEJJB8mixWwTaYEx3_6yLflPItCbjUHUZfRUj1AQOWMA7C2SEnZBfK7aL8KcaQrBCmosdNBzYTKsKl3iRyC3G8ZX1XziTq8O69lshZenOdzPAeRs\/w640-h616\/Capturar.JPG\" alt=\"\"\/><\/figure>\n\n\n\n<figure class=\"wp-block-image size-large\"><img decoding=\"async\" src=\"https:\/\/blogger.googleusercontent.com\/img\/b\/R29vZ2xl\/AVvXsEijXsGZA056ykDbeZ1XfnSe_hV3QoZJxvJVPm5fzBnjRFid0owrOap3EGo5NL4_hn3GVW_wRUZQ8Zu8_sajjHJ_fhg0ixmnPqD8pbX4KB329i8JBwj4aAdDEXIZUdjD2LiYchxqBHDyNvdAwQX6Kbczyg5JK8nTIzxfpmqSKkprj4Dzz_q_u3yI9G64d_R8\/w640-h546\/Capturarb.JPG\" alt=\"\"\/><\/figure>\n\n\n<div class=\"separator\">Seguimos aqui com um lan\u00e7amento de 1997, &#8220;Parabelo&#8221;, de Tom Z\u00e9 e Jo(Z\u00e9) Miguel Wisnik. Trilha sonora originalmente composta para este espet\u00e1culo de dan\u00e7a do renomado Grupo Corpo. Um trabalho musical dos mais interessantes e curiosos no sentido de que acabou caindo tamb\u00e9m no agrado do pessoal que gosta e dan\u00e7a forr\u00f3. Uma trilha que atendende n\u00e3o apenas ao prop\u00f3sito leg\u00edtimo do espet\u00e1culo, vai al\u00e9m, inspirando sanfoneiros e forrozeiros universit\u00e1rios.<\/div>\n<div class=\"separator\">\u00a0<\/div>\n<div class=\"separator\">emer\u00ea<\/div>\n<div class=\"separator\">emorem\u00ea<\/div>\n<div class=\"separator\">assum branco<\/div>\n<div class=\"separator\">bai\u00e3o velho<\/div>\n<div class=\"separator\">uau\u00e1<\/div>\n<div class=\"separator\">canudos<\/div>\n<div class=\"separator\">bedeng\u00f3<\/div>\n<div class=\"separator\">cego com cego<\/div>\n<div class=\"separator\">xique-xique<\/div>\n<div class=\"separator\">\u00a0<\/div>\n<div class=\"separator\">\u00a0<\/div>\n<div class=\"separator\">.<\/div>","protected":false},"excerpt":{"rendered":"<p>Seguimos aqui com um lan\u00e7amento de 1997, &#8220;Parabelo&#8221;, de Tom Z\u00e9 e Jo(Z\u00e9) Miguel Wisnik. Trilha sonora originalmente composta para este espet\u00e1culo de dan\u00e7a do renomado Grupo Corpo. Um trabalho musical dos mais interessantes e curiosos no sentido de que &hellip; <a href=\"https:\/\/www.toque-musicall.com\/?p=10761\">Continue lendo <span class=\"meta-nav\">&rarr;<\/span><\/a><\/p>\n","protected":false},"author":1,"featured_media":0,"comment_status":"closed","ping_status":"closed","sticky":false,"template":"","format":"standard","meta":{"footnotes":""},"categories":[1],"tags":[5791,5804,5803],"class_list":["post-10761","post","type-post","status-publish","format-standard","hentry","category-sem-categoria","tag-cds-2","tag-jose-miguel-wisnik","tag-tom-ze"],"_links":{"self":[{"href":"https:\/\/www.toque-musicall.com\/index.php?rest_route=\/wp\/v2\/posts\/10761","targetHints":{"allow":["GET"]}}],"collection":[{"href":"https:\/\/www.toque-musicall.com\/index.php?rest_route=\/wp\/v2\/posts"}],"about":[{"href":"https:\/\/www.toque-musicall.com\/index.php?rest_route=\/wp\/v2\/types\/post"}],"author":[{"embeddable":true,"href":"https:\/\/www.toque-musicall.com\/index.php?rest_route=\/wp\/v2\/users\/1"}],"replies":[{"embeddable":true,"href":"https:\/\/www.toque-musicall.com\/index.php?rest_route=%2Fwp%2Fv2%2Fcomments&post=10761"}],"version-history":[{"count":1,"href":"https:\/\/www.toque-musicall.com\/index.php?rest_route=\/wp\/v2\/posts\/10761\/revisions"}],"predecessor-version":[{"id":10762,"href":"https:\/\/www.toque-musicall.com\/index.php?rest_route=\/wp\/v2\/posts\/10761\/revisions\/10762"}],"wp:attachment":[{"href":"https:\/\/www.toque-musicall.com\/index.php?rest_route=%2Fwp%2Fv2%2Fmedia&parent=10761"}],"wp:term":[{"taxonomy":"category","embeddable":true,"href":"https:\/\/www.toque-musicall.com\/index.php?rest_route=%2Fwp%2Fv2%2Fcategories&post=10761"},{"taxonomy":"post_tag","embeddable":true,"href":"https:\/\/www.toque-musicall.com\/index.php?rest_route=%2Fwp%2Fv2%2Ftags&post=10761"}],"curies":[{"name":"wp","href":"https:\/\/api.w.org\/{rel}","templated":true}]}}