{"id":10763,"date":"2024-10-12T19:13:33","date_gmt":"2024-10-12T22:13:33","guid":{"rendered":"https:\/\/www.toque-musicall.com\/?p=10763"},"modified":"2024-10-14T19:15:59","modified_gmt":"2024-10-14T22:15:59","slug":"sagrado-coracao-da-terra-sacred-heart-of-earth-2001","status":"publish","type":"post","link":"https:\/\/www.toque-musicall.com\/?p=10763","title":{"rendered":"Sagrado Cora\u00e7\u00e3o da Terra &#8211; Sacred Heart Of Earth (2001)"},"content":{"rendered":"\n<figure class=\"wp-block-image size-large\"><img decoding=\"async\" src=\"https:\/\/blogger.googleusercontent.com\/img\/b\/R29vZ2xl\/AVvXsEiCoy33VRSMjulZ19B3nxLKizXg1ksmUL8kuyXWsWOEwQca1wU5Oa3eTHJN-x81hwivHDlpktmmRVL_Su4bCSw4oGlGnKEvJluLsJ9m8R-gDkdt386XSd4F1rXGkm9biuusJxiYWYvH6bu2CZ2L_Wvfgo2k_v5w1xCt9I7AhQiOEWNFnbdNsG9j5WLTSy2Z\/w640-h564\/Capturar.JPG\" alt=\"\"\/><\/figure>\n\n\n\n<figure class=\"wp-block-image size-large\"><img decoding=\"async\" src=\"https:\/\/blogger.googleusercontent.com\/img\/b\/R29vZ2xl\/AVvXsEjRzO5EknsmjXeP4mQSlyCXwuiKonDZyg6UtMAwNvjh-X-WUTM5g6csRbuHwceVNtmJyyh45X4dbzDBXEl5ZvnZpjAEPcJnMbeLQfOs4z_J2EB4fh8U6FX5ovdtWnBuIilYac1rcBffYHwhZBD0cLPNa4V4EajdjAojjvygtpfeTghXeE5gATWCoe0N-fwA\/w640-h568\/Capturarb.JPG\" alt=\"\"\/><\/figure>\n\n\n<div class=\"separator\">Desta vez temos o grupo mineiro de rock progressivo, ali\u00e1s, bem mais que um grupo de rock, em sua maturidade o Sagrado Cora\u00e7\u00e3o da Terra \u00e9 um grupo de m\u00fasica progressiva, onde est\u00e3o presente diferentes elementos, frutos da viv\u00eancia de Marcos Viana, compositor, violinista, cantor e produtor, figura que est\u00e1 a frente deste projeto musical desde sua cria\u00e7\u00e3o em 1979. Este cd, Sacred Heart Of Earth, lan\u00e7ado em 2001 \u00e9 uma colet\u00e2nea que reune um pouco dos cinco primeiros discos do grupo. Mais um disco bem bacana, mas que infelizmente n\u00e3o foi editado em vinil.<\/div>\n<div class=\"separator\">\u00a0<\/div>\n<div class=\"separator\">2001 &#8211; also sprach padim cisso<\/div>\n<div class=\"separator\">east of the sun west of the moon<\/div>\n<div class=\"separator\">travelling show<\/div>\n<div class=\"separator\">the green god of the woods (kian)<\/div>\n<div class=\"separator\">the gates of heaven<\/div>\n<div class=\"separator\">sweetwater<\/div>\n<div class=\"separator\">firecircle<\/div>\n<div class=\"separator\">sagrado<\/div>\n<div class=\"separator\">human beans<\/div>\n<div class=\"separator\">caroe diem<\/div>\n<div class=\"separator\">gipsy rapsody<\/div>\n<div class=\"separator\">maya<\/div>\n<div class=\"separator\">urgan ragas<\/div>\n<div class=\"separator\">the central sun of the universe<\/div>\n<div class=\"separator\">\u00a0<\/div>\n<div class=\"separator\">\u00a0<\/div>\n<div class=\"separator\">.<\/div>","protected":false},"excerpt":{"rendered":"<p>Desta vez temos o grupo mineiro de rock progressivo, ali\u00e1s, bem mais que um grupo de rock, em sua maturidade o Sagrado Cora\u00e7\u00e3o da Terra \u00e9 um grupo de m\u00fasica progressiva, onde est\u00e3o presente diferentes elementos, frutos da viv\u00eancia de &hellip; <a href=\"https:\/\/www.toque-musicall.com\/?p=10763\">Continue lendo <span class=\"meta-nav\">&rarr;<\/span><\/a><\/p>\n","protected":false},"author":1,"featured_media":0,"comment_status":"closed","ping_status":"closed","sticky":false,"template":"","format":"standard","meta":{"footnotes":""},"categories":[1],"tags":[5791,5805,5806],"class_list":["post-10763","post","type-post","status-publish","format-standard","hentry","category-sem-categoria","tag-cds-2","tag-sagrado-coracao-da-terra","tag-selo-sonhos-sons"],"_links":{"self":[{"href":"https:\/\/www.toque-musicall.com\/index.php?rest_route=\/wp\/v2\/posts\/10763","targetHints":{"allow":["GET"]}}],"collection":[{"href":"https:\/\/www.toque-musicall.com\/index.php?rest_route=\/wp\/v2\/posts"}],"about":[{"href":"https:\/\/www.toque-musicall.com\/index.php?rest_route=\/wp\/v2\/types\/post"}],"author":[{"embeddable":true,"href":"https:\/\/www.toque-musicall.com\/index.php?rest_route=\/wp\/v2\/users\/1"}],"replies":[{"embeddable":true,"href":"https:\/\/www.toque-musicall.com\/index.php?rest_route=%2Fwp%2Fv2%2Fcomments&post=10763"}],"version-history":[{"count":1,"href":"https:\/\/www.toque-musicall.com\/index.php?rest_route=\/wp\/v2\/posts\/10763\/revisions"}],"predecessor-version":[{"id":10764,"href":"https:\/\/www.toque-musicall.com\/index.php?rest_route=\/wp\/v2\/posts\/10763\/revisions\/10764"}],"wp:attachment":[{"href":"https:\/\/www.toque-musicall.com\/index.php?rest_route=%2Fwp%2Fv2%2Fmedia&parent=10763"}],"wp:term":[{"taxonomy":"category","embeddable":true,"href":"https:\/\/www.toque-musicall.com\/index.php?rest_route=%2Fwp%2Fv2%2Fcategories&post=10763"},{"taxonomy":"post_tag","embeddable":true,"href":"https:\/\/www.toque-musicall.com\/index.php?rest_route=%2Fwp%2Fv2%2Ftags&post=10763"}],"curies":[{"name":"wp","href":"https:\/\/api.w.org\/{rel}","templated":true}]}}