{"id":10772,"date":"2024-10-16T19:33:11","date_gmt":"2024-10-16T22:33:11","guid":{"rendered":"https:\/\/www.toque-musicall.com\/?p=10772"},"modified":"2024-10-21T19:37:14","modified_gmt":"2024-10-21T22:37:14","slug":"jerzy-milewski-paulo-moura-helvius-vilela-paulinho-da-viola-sem-palavras-1999","status":"publish","type":"post","link":"https:\/\/www.toque-musicall.com\/?p=10772","title":{"rendered":"Jerzy Milewski, Paulo Moura, Helvius Vilela &#8211; Paulinho da Viola &#8230; Sem Palavras (1999)"},"content":{"rendered":"\n<figure class=\"wp-block-image size-large\"><img decoding=\"async\" src=\"https:\/\/blogger.googleusercontent.com\/img\/b\/R29vZ2xl\/AVvXsEhobEajYFrUWmlQ2Wii9Vkcz_n1Md_HQYyWjJP68gq8IUKxgIerpO4pHk5IS3Bgf9oltziNECFwQZ07z-CcS0OklQqo3MLdbwUk3SgdlAp8R3q5q65jbIOxHUzqfh3OGL3UJtPiXS2qSnCju3XyHePPtiBQVgpa9jyN8JLp3WQFzBOdfOKaGNOb29Sqlbx9\/w640-h572\/Capturar.JPG\" alt=\"\"\/><\/figure>\n\n\n\n<figure class=\"wp-block-image size-large\"><img decoding=\"async\" src=\"https:\/\/blogger.googleusercontent.com\/img\/b\/R29vZ2xl\/AVvXsEh5syhyphenhyphenF4GheXD1mXvvFBkluLx8UY_WG3l8EQWlxjlS909o0nLtAj7a86Y8XEpjqBeY9VF1dKYxLqUTOkAhuKb7jf9HiVhrLM9C50XyArvf3MJbUVPf34thnAlBU2Yi_YoHL3TraDJQBl8Uf3jFc0ARADbkeHk0NUZwGHxBzG4roOmVjStVX4zSv5y_5qMK\/w640-h568\/Capturarb.JPG\" alt=\"\"\/><\/figure>\n\n\n<div class=\"separator\">Um trabalho curiosamente interessante lan\u00e7ado somente em cd e que aqui recebe merecidamente uma janela, uma vitrine para exposi\u00e7\u00e3o. Trazemos mais uma vez o violinista polones, naturalizado brasileiro, Jerzy Milewski, que se tornou conhecido pelas suas interpreta\u00e7\u00f5es de m\u00fasica popular e erudita, de compositores brasileiros.\u00a0<\/div>\n<div class=\"separator\">&#8220;Paulinho da Viola&#8230; &#8211; &#8230;Sem Palavras&#8221; como o t\u00edtulo j\u00e1 sugere, trata-se de uma interpreta\u00e7\u00e3o da obra musical do grande compositor e sambista, no caso, somente a parte das melodias. Para tanto, Jerzy conta com as participa\u00e7\u00f5es de dois outros grandes nomes, dois grandes instrumentistas, Paulo Moura e Helvius Vilela. Por a\u00ed j\u00e1 d\u00e1 para sentir o naipe da coisa. Vale muito a pena ouvir esse disco. Confiram no GTM&#8230;<\/div>\n<div class=\"separator\">\u00a0<\/div>\n<div class=\"separator\">argumento<\/div>\n<div class=\"separator\">quando bate uma saudade<\/div>\n<div class=\"separator\">eu e minha sogra<\/div>\n<div class=\"separator\">pecado capital<\/div>\n<div class=\"separator\">sei l\u00e1 mangueira<\/div>\n<div class=\"separator\">cora\u00e7\u00e3o leviano<\/div>\n<div class=\"separator\">dan\u00e7a da solid\u00e3o<\/div>\n<div class=\"separator\">mar grande<\/div>\n<div class=\"separator\">foi um rio que passou em minha vida<\/div>\n<div class=\"separator\">sinal fechado<\/div>\n<div class=\"separator\">timoneiro<\/div>\n<div class=\"separator\">um sarau para radam\u00e9s<\/div>\n<div class=\"separator\">choro negro<\/div>\n<div class=\"separator\">coisa do mundo minha nega<\/div>\n<div class=\"separator\">\u00a0<\/div>\n<div class=\"separator\">.<\/div>","protected":false},"excerpt":{"rendered":"<p>Um trabalho curiosamente interessante lan\u00e7ado somente em cd e que aqui recebe merecidamente uma janela, uma vitrine para exposi\u00e7\u00e3o. Trazemos mais uma vez o violinista polones, naturalizado brasileiro, Jerzy Milewski, que se tornou conhecido pelas suas interpreta\u00e7\u00f5es de m\u00fasica popular &hellip; <a href=\"https:\/\/www.toque-musicall.com\/?p=10772\">Continue lendo <span class=\"meta-nav\">&rarr;<\/span><\/a><\/p>\n","protected":false},"author":1,"featured_media":0,"comment_status":"closed","ping_status":"closed","sticky":false,"template":"","format":"standard","meta":{"footnotes":""},"categories":[1],"tags":[5791,3815,5374,5041],"class_list":["post-10772","post","type-post","status-publish","format-standard","hentry","category-sem-categoria","tag-cds-2","tag-helvius-vilela","tag-jerzy-milewski","tag-paulo-moura"],"_links":{"self":[{"href":"https:\/\/www.toque-musicall.com\/index.php?rest_route=\/wp\/v2\/posts\/10772","targetHints":{"allow":["GET"]}}],"collection":[{"href":"https:\/\/www.toque-musicall.com\/index.php?rest_route=\/wp\/v2\/posts"}],"about":[{"href":"https:\/\/www.toque-musicall.com\/index.php?rest_route=\/wp\/v2\/types\/post"}],"author":[{"embeddable":true,"href":"https:\/\/www.toque-musicall.com\/index.php?rest_route=\/wp\/v2\/users\/1"}],"replies":[{"embeddable":true,"href":"https:\/\/www.toque-musicall.com\/index.php?rest_route=%2Fwp%2Fv2%2Fcomments&post=10772"}],"version-history":[{"count":1,"href":"https:\/\/www.toque-musicall.com\/index.php?rest_route=\/wp\/v2\/posts\/10772\/revisions"}],"predecessor-version":[{"id":10773,"href":"https:\/\/www.toque-musicall.com\/index.php?rest_route=\/wp\/v2\/posts\/10772\/revisions\/10773"}],"wp:attachment":[{"href":"https:\/\/www.toque-musicall.com\/index.php?rest_route=%2Fwp%2Fv2%2Fmedia&parent=10772"}],"wp:term":[{"taxonomy":"category","embeddable":true,"href":"https:\/\/www.toque-musicall.com\/index.php?rest_route=%2Fwp%2Fv2%2Fcategories&post=10772"},{"taxonomy":"post_tag","embeddable":true,"href":"https:\/\/www.toque-musicall.com\/index.php?rest_route=%2Fwp%2Fv2%2Ftags&post=10772"}],"curies":[{"name":"wp","href":"https:\/\/api.w.org\/{rel}","templated":true}]}}