{"id":10776,"date":"2024-10-18T19:17:02","date_gmt":"2024-10-18T22:17:02","guid":{"rendered":"https:\/\/www.toque-musicall.com\/?p=10776"},"modified":"2024-10-22T19:34:47","modified_gmt":"2024-10-22T22:34:47","slug":"helena-jobim-areia-do-tempo-2006","status":"publish","type":"post","link":"https:\/\/www.toque-musicall.com\/?p=10776","title":{"rendered":"Helena Jobim &#8211; Areia Do Tempo (2006)"},"content":{"rendered":"\n<figure class=\"wp-block-image size-large\"><img decoding=\"async\" src=\"https:\/\/blogger.googleusercontent.com\/img\/b\/R29vZ2xl\/AVvXsEiSPoJDpXEiawfUAR6pHqm26ethyjWCcebOFClp_-LBNPHS4uyYOIQFpWtu5frNP2HQK6TeCUz5_xdbaI8RB8-9TLBTCb9qPMuoEWaKiGa8du6ggL22y3NUcwMBVjvZtCsfqQsepw-Enn7RFTnLrgpIi_0_0VmJxqPV_emv5ju1zNf6XUw2xzyWVHM_8gfF\/w640-h568\/Imagem%20do%20WhatsApp%20de%202024-10-11%20%C3%A0(s)%2019.19.26_aac2753f.jpg\" alt=\"\"\/><\/figure>\n\n\n\n<figure class=\"wp-block-image size-large\"><img decoding=\"async\" src=\"https:\/\/blogger.googleusercontent.com\/img\/b\/R29vZ2xl\/AVvXsEiT49BRA1plThFd5H1nDOvbimgsmzs6p2kNPi_i0gBL8QFVXKl13ZxhCjfq8QXdK15WH8bd7y8a_Fm7YMnACqIPUSg3My4_xFCTvELsHIonrcIu1cEuBDMP4YJ-o7UyWi-1Ns_Las3shgWKnFVcKU6FQ8dXB7XyQjeMJ5XvFvh5b4q2xqY4xS8VK4Xbejs-\/w640-h556\/Imagem%20do%20WhatsApp%20de%202024-10-11%20%C3%A0(s)%2019.19.36_14689dbf.jpg\" alt=\"\"\/><\/figure>\n\n\n\n<figure class=\"wp-block-image size-large\"><img decoding=\"async\" src=\"https:\/\/blogger.googleusercontent.com\/img\/b\/R29vZ2xl\/AVvXsEisdw8tex41kD_l_XNF84dWq-7HbkV1nbdwveTQcfvXNDXf5XD0Spi0__Im5M2j3hIHg7m9lXnuBlzL6DuKTnvK4etpqK9p3u-lFAFe5vDFRKHa1dyEaQ9Wc656vZ79Ni8xsdV0GGaKMQQ4cqh46087NcIJKO1rvraq0mMQ3O1TckAvUxjzXRZMnihelBbi\/w640-h314\/Imagem%20do%20WhatsApp%20de%202024-10-11%20%C3%A0(s)%2019.19.25_502fcf86.jpg\" alt=\"\"\/><\/figure>\n\n\n<div class=\"separator\">Alguns, talvez estejam achando este blog uma grande colcha de retalhos, com tanta coisa sortida nessa nossa mostra de cds. E desse balaio de gatos, agora puxamos este cd, lan\u00e7ado pela extinta editora\/selo Karmim em 2006. Como se v\u00ea, trata-se de um disco de poesia de Helena Jobim, irm\u00e3 de Tom Jobim. No cd ela nos apresenta 33 poemas, sendo muitos at\u00e9 ent\u00e3o in\u00e9ditos. Os poemas s\u00e3o interpretados pela pr\u00f3pria autora e Tom Jobim \u00e9 o fundo musical executado por Paulo Jobim e M\u00e1rio Adnet.<\/div>\n<div class=\"separator\">\u00a0<\/div>\n<div class=\"separator\">princ\u00edpio<\/div>\n<div class=\"separator\">os anjos que me perseguem<\/div>\n<div class=\"separator\">e qual o pai<\/div>\n<div class=\"separator\">lugar comum<\/div>\n<div class=\"separator\">o m\u00e1gico<\/div>\n<div class=\"separator\">desejo<\/div>\n<div class=\"separator\">confiss\u00e3o<\/div>\n<div class=\"separator\">naquele dia<\/div>\n<div class=\"separator\">destino<\/div>\n<div class=\"separator\">revela\u00e7\u00e3o<\/div>\n<div class=\"separator\">em certa manh\u00e3<\/div>\n<div class=\"separator\">dor<\/div>\n<div class=\"separator\">os invasores<\/div>\n<div class=\"separator\">canto do grito<\/div>\n<div class=\"separator\">amigo<\/div>\n<div class=\"separator\">drumoniana<\/div>\n<div class=\"separator\">areia do tempo<\/div>\n<div class=\"separator\">gard\u00eanias<\/div>\n<div class=\"separator\">todas as coisas<\/div>\n<div class=\"separator\">violeta<\/div>\n<div class=\"separator\">veludo<\/div>\n<div class=\"separator\">aprendendo<\/div>\n<div class=\"separator\">dizer n\u00e3o<\/div>\n<div class=\"separator\">mergulho<\/div>\n<div class=\"separator\">mist\u00e9rio<\/div>\n<div class=\"separator\">n\u00e3o contaram \u00e0 menina<\/div>\n<div class=\"separator\">nada nas m\u00e3os<\/div>\n<div class=\"separator\">quarteir\u00e3o<\/div>\n<div class=\"separator\">cotidiano<\/div>\n<div class=\"separator\">arca do tesouro<\/div>\n<div class=\"separator\">por toda a eternidade<\/div>\n<div class=\"separator\">saudade<\/div>\n<div class=\"separator\">amor<\/div>\n<div class=\"separator\">\u00a0<\/div>\n<div class=\"separator\">\u00a0<\/div>\n<div class=\"separator\">.\u00a0<\/div>","protected":false},"excerpt":{"rendered":"<p>Alguns, talvez estejam achando este blog uma grande colcha de retalhos, com tanta coisa sortida nessa nossa mostra de cds. E desse balaio de gatos, agora puxamos este cd, lan\u00e7ado pela extinta editora\/selo Karmim em 2006. Como se v\u00ea, trata-se &hellip; <a href=\"https:\/\/www.toque-musicall.com\/?p=10776\">Continue lendo <span class=\"meta-nav\">&rarr;<\/span><\/a><\/p>\n","protected":false},"author":1,"featured_media":0,"comment_status":"closed","ping_status":"closed","sticky":false,"template":"","format":"standard","meta":{"footnotes":""},"categories":[1],"tags":[5791,5810,3383],"class_list":["post-10776","post","type-post","status-publish","format-standard","hentry","category-sem-categoria","tag-cds-2","tag-helena-jobim","tag-poesias"],"_links":{"self":[{"href":"https:\/\/www.toque-musicall.com\/index.php?rest_route=\/wp\/v2\/posts\/10776","targetHints":{"allow":["GET"]}}],"collection":[{"href":"https:\/\/www.toque-musicall.com\/index.php?rest_route=\/wp\/v2\/posts"}],"about":[{"href":"https:\/\/www.toque-musicall.com\/index.php?rest_route=\/wp\/v2\/types\/post"}],"author":[{"embeddable":true,"href":"https:\/\/www.toque-musicall.com\/index.php?rest_route=\/wp\/v2\/users\/1"}],"replies":[{"embeddable":true,"href":"https:\/\/www.toque-musicall.com\/index.php?rest_route=%2Fwp%2Fv2%2Fcomments&post=10776"}],"version-history":[{"count":1,"href":"https:\/\/www.toque-musicall.com\/index.php?rest_route=\/wp\/v2\/posts\/10776\/revisions"}],"predecessor-version":[{"id":10777,"href":"https:\/\/www.toque-musicall.com\/index.php?rest_route=\/wp\/v2\/posts\/10776\/revisions\/10777"}],"wp:attachment":[{"href":"https:\/\/www.toque-musicall.com\/index.php?rest_route=%2Fwp%2Fv2%2Fmedia&parent=10776"}],"wp:term":[{"taxonomy":"category","embeddable":true,"href":"https:\/\/www.toque-musicall.com\/index.php?rest_route=%2Fwp%2Fv2%2Fcategories&post=10776"},{"taxonomy":"post_tag","embeddable":true,"href":"https:\/\/www.toque-musicall.com\/index.php?rest_route=%2Fwp%2Fv2%2Ftags&post=10776"}],"curies":[{"name":"wp","href":"https:\/\/api.w.org\/{rel}","templated":true}]}}