{"id":10778,"date":"2024-10-19T20:47:12","date_gmt":"2024-10-19T23:47:12","guid":{"rendered":"https:\/\/www.toque-musicall.com\/?p=10778"},"modified":"2024-10-23T20:50:48","modified_gmt":"2024-10-23T23:50:48","slug":"banda-black-rio-the-best-of-1996","status":"publish","type":"post","link":"https:\/\/www.toque-musicall.com\/?p=10778","title":{"rendered":"Banda Black Rio &#8211; The Best Of (1996)"},"content":{"rendered":"\n<figure class=\"wp-block-image size-large\"><img decoding=\"async\" src=\"https:\/\/blogger.googleusercontent.com\/img\/b\/R29vZ2xl\/AVvXsEjnlDo_qL7SM51NPmfSGzv5m-Vbc9eDHOcJ2UjkijWAcdEmf4WgNLljShUxjEfhyphenhyphen3JO9a4QkQRWmfoZZktQngui7EuOipVf87ve4BYSZjBJ3gZ82ylyEQXCVC1ScYJn-LwXk6L08AcIDwowGmf4Be12cGXrFxNkBON77Hx0fgO7BfBALWONAgJ_AvIQJoa8\/w640-h562\/Capturar.JPG\" alt=\"\"\/><\/figure>\n\n\n\n<figure class=\"wp-block-image size-large\"><img decoding=\"async\" src=\"https:\/\/blogger.googleusercontent.com\/img\/b\/R29vZ2xl\/AVvXsEhXu_xzzP4ufmDiprr5lUFI8RxR6e-7Xb9g-d-H1Qb4bQpgxD0G3fCROALtKdHb3wCSA7KY9ydIBKPxWcz21wnC6HoeaLVb5DpyvaK6pwp6fJiF_wabAivJcqUVkyoZ940SRep6dT0lb3ei3zTcCgWJNH8YUyDOPp9EDPxaHKz4iz7kLQPeV78zOFdRlIyO\/w640-h560\/Capturarb.JPG\" alt=\"\"\/><\/figure>\n\n\n<div class=\"separator\">Fiquei na d\u00favida se postava ou n\u00e3o este cd da Banda Black Rio, pois tinha certo que j\u00e1 hav\u00edamos publicado o celebrado lp &#8220;Maria Fuma\u00e7a&#8221;. Mas para a minha surpresa, este passou batido. Ent\u00e3o, vamos aqui com esta &#8216;colet\u00e2nea gringa&#8217; produzida para o mercado ingl\u00eas, em 1996. A sele\u00e7\u00e3o que apresenta a banda de samba-funk-soul&#8230; carioca foi lan\u00e7ada l\u00e1 em vers\u00e3o cd e vinil. Traz realmente o melhor do grupo para ingl\u00eas ver e ouvir.<\/div>\n<div class=\"separator\">\u00a0<\/div>\n<div class=\"separator\">gafieira universal<\/div>\n<div class=\"separator\">vidigal<\/div>\n<div class=\"separator\">expresso madureira<\/div>\n<div class=\"separator\">leblon via vaz lobo<\/div>\n<div class=\"separator\">cravo e canela<\/div>\n<div class=\"separator\">maria fuma\u00e7a<\/div>\n<div class=\"separator\">miss sheryl<\/div>\n<div class=\"separator\">mr funky samba<\/div>\n<div class=\"separator\">samboreando<\/div>\n<div class=\"separator\">rio de janeiro<\/div>\n<div class=\"separator\">casa forte<\/div>\n<div class=\"separator\">chega mais<\/div>\n<div class=\"separator\">\u00a0<\/div>\n<div class=\"separator\">\u00a0<\/div>\n<div class=\"separator\">.<\/div>","protected":false},"excerpt":{"rendered":"<p>Fiquei na d\u00favida se postava ou n\u00e3o este cd da Banda Black Rio, pois tinha certo que j\u00e1 hav\u00edamos publicado o celebrado lp &#8220;Maria Fuma\u00e7a&#8221;. Mas para a minha surpresa, este passou batido. Ent\u00e3o, vamos aqui com esta &#8216;colet\u00e2nea gringa&#8217; &hellip; <a href=\"https:\/\/www.toque-musicall.com\/?p=10778\">Continue lendo <span class=\"meta-nav\">&rarr;<\/span><\/a><\/p>\n","protected":false},"author":1,"featured_media":0,"comment_status":"closed","ping_status":"closed","sticky":false,"template":"","format":"standard","meta":{"footnotes":""},"categories":[1],"tags":[5811,5791],"class_list":["post-10778","post","type-post","status-publish","format-standard","hentry","category-sem-categoria","tag-banda-black-rio","tag-cds-2"],"_links":{"self":[{"href":"https:\/\/www.toque-musicall.com\/index.php?rest_route=\/wp\/v2\/posts\/10778","targetHints":{"allow":["GET"]}}],"collection":[{"href":"https:\/\/www.toque-musicall.com\/index.php?rest_route=\/wp\/v2\/posts"}],"about":[{"href":"https:\/\/www.toque-musicall.com\/index.php?rest_route=\/wp\/v2\/types\/post"}],"author":[{"embeddable":true,"href":"https:\/\/www.toque-musicall.com\/index.php?rest_route=\/wp\/v2\/users\/1"}],"replies":[{"embeddable":true,"href":"https:\/\/www.toque-musicall.com\/index.php?rest_route=%2Fwp%2Fv2%2Fcomments&post=10778"}],"version-history":[{"count":1,"href":"https:\/\/www.toque-musicall.com\/index.php?rest_route=\/wp\/v2\/posts\/10778\/revisions"}],"predecessor-version":[{"id":10779,"href":"https:\/\/www.toque-musicall.com\/index.php?rest_route=\/wp\/v2\/posts\/10778\/revisions\/10779"}],"wp:attachment":[{"href":"https:\/\/www.toque-musicall.com\/index.php?rest_route=%2Fwp%2Fv2%2Fmedia&parent=10778"}],"wp:term":[{"taxonomy":"category","embeddable":true,"href":"https:\/\/www.toque-musicall.com\/index.php?rest_route=%2Fwp%2Fv2%2Fcategories&post=10778"},{"taxonomy":"post_tag","embeddable":true,"href":"https:\/\/www.toque-musicall.com\/index.php?rest_route=%2Fwp%2Fv2%2Ftags&post=10778"}],"curies":[{"name":"wp","href":"https:\/\/api.w.org\/{rel}","templated":true}]}}