{"id":1078,"date":"2009-09-22T10:13:00","date_gmt":"2009-09-22T10:13:00","guid":{"rendered":"http:\/\/www.toque-musicall.com\/?p=1078"},"modified":"2009-09-22T10:13:00","modified_gmt":"2009-09-22T10:13:00","slug":"jose-rastelli-meu-amigo-violao-vol-2-1963","status":"publish","type":"post","link":"https:\/\/www.toque-musicall.com\/?p=1078","title":{"rendered":"Jos\u00e9 Rastelli &#8211; Meu Amigo Viol\u00e3o Vol. 2 (1963)"},"content":{"rendered":"<p><a href=\"http:\/\/1.bp.blogspot.com\/_DSKVEvHtskc\/SrijZX4VTPI\/AAAAAAAAFYY\/zRBU6gLEejQ\/s1600-h\/jose+rastelli+P.JPG\"><img decoding=\"async\" style=\"display:block; margin:0px auto 10px; text-align:center;cursor:pointer; cursor:hand;width: 400px; height: 396px;\" src=\"http:\/\/1.bp.blogspot.com\/_DSKVEvHtskc\/SrijZX4VTPI\/AAAAAAAAFYY\/zRBU6gLEejQ\/s400\/jose+rastelli+P.JPG\" border=\"0\" alt=\"\" id=\"BLOGGER_PHOTO_ID_5384233010823777522\" \/><\/a>Meus prezados, o Chico Z\u00e9 j\u00e1 est\u00e1 de volta, completo em suas 14 faixas. Voltem l\u00e1 e refa\u00e7am seus arquivos. E ponha a boca no trombone, caso encontre alguma postagem vencida.<\/p>\n<div>Temos uma semana diversificada, bem variada, para ser mais exato. Ontem foi samba, hoje vai ser solos de viol\u00e3o. Geralmente quando publico \u00e1lbuns de violonistas o &#8216;ibope&#8217; \u00e9 muito bom. Tenho certeza que o disco de hoje tamb\u00e9m vai fazer sucesso. Vamos hoje com o viol\u00e3o paulista do grande instrumentista Jos\u00e9 Rastelli. Um nome pouco conhecido al\u00e9m do universo das cordas. Um violonista virtuoso listado entre os mais escutados e estudados pelos amantes do viol\u00e3o. Rastelli estreou em disco pela Chantecler, no in\u00edcio dos anos 60. Da s\u00e9rie &#8220;Meu amigo viol\u00e3o&#8221;, que eu sei, ele gravou uns quatro. Minha inten\u00e7\u00e3o era a de postar o primeiro, mas este n\u00e3o estava em boas condi\u00e7\u00f5es, principalmente se tratando de solos de viol\u00e3o. Fica parecendo trilha para fritar ovo. Os estalos e chiados comprometem a audi\u00e7\u00e3o. Da\u00ed optei pelo segundo, que de uma certa forma \u00e9 at\u00e9 mais bonito e mais solto. O repert\u00f3rio \u00e9 t\u00edpico, variando do erudito ao popular. Para aquele que n\u00e3o conheciam Jos\u00e9 Rastelli ou querem mais informa\u00e7\u00f5es sobre o m\u00fasico, sugiro visitarem o <a href=\"http:\/\/www.myspace.com\/joserastelli\">seu espa\u00e7o<\/a>. <\/div>\n<div><\/div>\n<div style=\"text-align: center;\">olhos negros<\/div>\n<div style=\"text-align: center;\">brejeiro<\/div>\n<div style=\"text-align: center;\">o despertar da montanha<\/div>\n<div style=\"text-align: center;\">can\u00e7\u00e3o de dalila<\/div>\n<div style=\"text-align: center;\">valsa venezuelana<\/div>\n<div style=\"text-align: center;\">prel\u00fadio n\u00ba 1<\/div>\n<div style=\"text-align: center;\">hi-lili-hi-lo<\/div>\n<div style=\"text-align: center;\">oh, doce mist\u00e9rio da vida<\/div>\n<div style=\"text-align: center;\">el cubanchero<\/div>\n<div style=\"text-align: center;\">noche de ronda<\/div>\n<div style=\"text-align: center;\">sonho de amor<\/div>\n<div style=\"text-align: center;\">cinquantaine<\/div>\n<div style=\"text-align: center;\">cinzas do cora\u00e7\u00e3o<\/div>\n<div style=\"text-align: center;\"><\/div>\n<div style=\"text-align: center;\"><\/div>\n","protected":false},"excerpt":{"rendered":"<p>Meus prezados, o Chico Z\u00e9 j\u00e1 est\u00e1 de volta, completo em suas 14 faixas. Voltem l\u00e1 e refa\u00e7am seus arquivos. E ponha a boca no trombone, caso encontre alguma postagem vencida. Temos uma semana diversificada, bem variada, para ser mais &hellip; <a href=\"https:\/\/www.toque-musicall.com\/?p=1078\">Continue lendo <span class=\"meta-nav\">&rarr;<\/span><\/a><\/p>\n","protected":false},"author":1,"featured_media":0,"comment_status":"open","ping_status":"closed","sticky":false,"template":"","format":"standard","meta":{"footnotes":""},"categories":[1367],"tags":[],"class_list":["post-1078","post","type-post","status-publish","format-standard","hentry","category-jose-rastelli"],"_links":{"self":[{"href":"https:\/\/www.toque-musicall.com\/index.php?rest_route=\/wp\/v2\/posts\/1078","targetHints":{"allow":["GET"]}}],"collection":[{"href":"https:\/\/www.toque-musicall.com\/index.php?rest_route=\/wp\/v2\/posts"}],"about":[{"href":"https:\/\/www.toque-musicall.com\/index.php?rest_route=\/wp\/v2\/types\/post"}],"author":[{"embeddable":true,"href":"https:\/\/www.toque-musicall.com\/index.php?rest_route=\/wp\/v2\/users\/1"}],"replies":[{"embeddable":true,"href":"https:\/\/www.toque-musicall.com\/index.php?rest_route=%2Fwp%2Fv2%2Fcomments&post=1078"}],"version-history":[{"count":0,"href":"https:\/\/www.toque-musicall.com\/index.php?rest_route=\/wp\/v2\/posts\/1078\/revisions"}],"wp:attachment":[{"href":"https:\/\/www.toque-musicall.com\/index.php?rest_route=%2Fwp%2Fv2%2Fmedia&parent=1078"}],"wp:term":[{"taxonomy":"category","embeddable":true,"href":"https:\/\/www.toque-musicall.com\/index.php?rest_route=%2Fwp%2Fv2%2Fcategories&post=1078"},{"taxonomy":"post_tag","embeddable":true,"href":"https:\/\/www.toque-musicall.com\/index.php?rest_route=%2Fwp%2Fv2%2Ftags&post=1078"}],"curies":[{"name":"wp","href":"https:\/\/api.w.org\/{rel}","templated":true}]}}