{"id":10780,"date":"2024-10-20T20:50:56","date_gmt":"2024-10-20T23:50:56","guid":{"rendered":"https:\/\/www.toque-musicall.com\/?p=10780"},"modified":"2024-10-23T20:55:19","modified_gmt":"2024-10-23T23:55:19","slug":"jayme-fygura-2015","status":"publish","type":"post","link":"https:\/\/www.toque-musicall.com\/?p=10780","title":{"rendered":"Jayme Fygura (2015)"},"content":{"rendered":"\n<figure class=\"wp-block-image size-large\"><img decoding=\"async\" src=\"https:\/\/blogger.googleusercontent.com\/img\/b\/R29vZ2xl\/AVvXsEh5E-SK0OYHmNBcwlXXFC7Y_YDBafHO43F2Bvt3OVruq0VfpMzCc81hrdx9WmsV1DFe6z7zQfGJNlEVOP3cCUn2vgCdyUdQ3OXlxjqGGZ8PiUt-LjY4paSm5CEuBmrQqFC9d8RVS8QYQQUqid_98IWunihoDbojMTG92lNnEqxl1i0MN_ucAkswG7j4A44l\/w640-h608\/Capturar.JPG\" alt=\"\"\/><\/figure>\n\n\n\n<figure class=\"wp-block-image size-large\"><img decoding=\"async\" src=\"https:\/\/blogger.googleusercontent.com\/img\/b\/R29vZ2xl\/AVvXsEjsq8rl7-nV3WTp5OaiHBWknT2h3P5AVmKEcFCt8lfPGWAIwtBGuOhG_00C6_mhDHWp38wwW8f_7EBwrpS_k2U4lN6wYJ4kVa5rr8-9Zvyw1EVeuly0rv8XB5XDkcZ9g4tRPxWvr40D0RBdseVwdYRwsb9qDK07H7EwAe_saubYj5nyS7zDygBOeL9Qxxf9\/w496-h640\/Capturarint.JPG\" alt=\"\"\/><\/figure>\n\n\n\n<figure class=\"wp-block-image size-large\"><img decoding=\"async\" src=\"https:\/\/blogger.googleusercontent.com\/img\/b\/R29vZ2xl\/AVvXsEg2b6PXH-QQOskc0pBMmgS9IiZpKQ9006PU_ol4PB3xKBAb24Y2Yb6NWNbS3w9gkEVMn0H0nHYHq3a5D6XGtOJk2bUx3PkkZZ1Sx1vIdPp1ddCOfO9op9rzEtzRCb_KGO4crocUz022u1s27WWqqw5jv1k0vsth66kwpmjxB3nm76hbD6y0PLPHwcaLe5w9\/w640-h584\/Capturarb.JPG\" alt=\"\"\/><\/figure>\n\n\n<div class=\"separator\">Reafirmando nosso ecletismo &#8220;fono-sonoro-musical&#8221;, apresentamos desta vez um cd que faz parte de uma publica\u00e7\u00e3o sobre o artista baiano Jayme Fygura, com produ\u00e7\u00e3o (coordena\u00e7\u00e3o editorial) do artista mineiro Francilins, lan\u00e7ada em 2015.<\/div>\n<div class=\"separator\">Personagem j\u00e1 folcl\u00f3rica da cidade de Salvador, conhecido tamb\u00e9m como o &#8216;homem da m\u00e1scara de ferro&#8217;, Jayme Andrade de Almeida foi mesmo uma figura, um performer di\u00e1rio andando solto pelas ruas da cidade com seus trajes e m\u00e1scaras. Poucos conheciam seu rosto, o qual ele alimentava o mist\u00e9rio com as m\u00e1scaras que contru\u00eda. Jayme era um desenhista publicit\u00e1rio e tinha uma vida est\u00e1vel. Parece que perdeu suas economias durante o plano Collor e a partir da\u00ed que tudo come\u00e7a. Passa a se dedicar as artes, pintando, escrevendo, construindo artefatos. Ele estava tamb\u00e9m ligado ao movimento punk baiano e junto a uma banda fazia suas apresenta\u00e7\u00f5es perform\u00e1ticas, onde ele mesmo era a obra. Faleceu no ano passado, aos 64 anos, v\u00edtima de um enfarto.<\/div>\n<div class=\"separator\">Neste cd que acompanha a publica\u00e7\u00e3o, que foi apenas de 1000 exemplares, n\u00e3o h\u00e1 informa\u00e7\u00f5es sobre os t\u00edtulos das m\u00fasicas, cuja as letras e vocal s\u00e3o de Jayme Fygura. Assim, para esta postagem, n\u00e3o teremos a rela\u00e7\u00e3o, que geralmente segue a baixo. Da mesma forma nos arquivos de mp3 que voc\u00eas poder\u00e3o ter acesso no GTM. Aproveitando o embalo, como um b\u00f4nus extra, inclu\u00edmos tamb\u00e9m o registro de um show, no Pelourinho, em 2010.<\/div>\n<div class=\"separator\">Confiram tudo no GTM&#8230;<\/div>\n<div class=\"separator\">\u00a0<\/div>\n<div class=\"separator\">\u00a0<\/div>\n<div class=\"separator\">.<\/div>","protected":false},"excerpt":{"rendered":"<p>Reafirmando nosso ecletismo &#8220;fono-sonoro-musical&#8221;, apresentamos desta vez um cd que faz parte de uma publica\u00e7\u00e3o sobre o artista baiano Jayme Fygura, com produ\u00e7\u00e3o (coordena\u00e7\u00e3o editorial) do artista mineiro Francilins, lan\u00e7ada em 2015. Personagem j\u00e1 folcl\u00f3rica da cidade de Salvador, conhecido &hellip; <a href=\"https:\/\/www.toque-musicall.com\/?p=10780\">Continue lendo <span class=\"meta-nav\">&rarr;<\/span><\/a><\/p>\n","protected":false},"author":1,"featured_media":0,"comment_status":"closed","ping_status":"closed","sticky":false,"template":"","format":"standard","meta":{"footnotes":""},"categories":[1],"tags":[5791,5812],"class_list":["post-10780","post","type-post","status-publish","format-standard","hentry","category-sem-categoria","tag-cds-2","tag-jayme-fygura"],"_links":{"self":[{"href":"https:\/\/www.toque-musicall.com\/index.php?rest_route=\/wp\/v2\/posts\/10780","targetHints":{"allow":["GET"]}}],"collection":[{"href":"https:\/\/www.toque-musicall.com\/index.php?rest_route=\/wp\/v2\/posts"}],"about":[{"href":"https:\/\/www.toque-musicall.com\/index.php?rest_route=\/wp\/v2\/types\/post"}],"author":[{"embeddable":true,"href":"https:\/\/www.toque-musicall.com\/index.php?rest_route=\/wp\/v2\/users\/1"}],"replies":[{"embeddable":true,"href":"https:\/\/www.toque-musicall.com\/index.php?rest_route=%2Fwp%2Fv2%2Fcomments&post=10780"}],"version-history":[{"count":1,"href":"https:\/\/www.toque-musicall.com\/index.php?rest_route=\/wp\/v2\/posts\/10780\/revisions"}],"predecessor-version":[{"id":10781,"href":"https:\/\/www.toque-musicall.com\/index.php?rest_route=\/wp\/v2\/posts\/10780\/revisions\/10781"}],"wp:attachment":[{"href":"https:\/\/www.toque-musicall.com\/index.php?rest_route=%2Fwp%2Fv2%2Fmedia&parent=10780"}],"wp:term":[{"taxonomy":"category","embeddable":true,"href":"https:\/\/www.toque-musicall.com\/index.php?rest_route=%2Fwp%2Fv2%2Fcategories&post=10780"},{"taxonomy":"post_tag","embeddable":true,"href":"https:\/\/www.toque-musicall.com\/index.php?rest_route=%2Fwp%2Fv2%2Ftags&post=10780"}],"curies":[{"name":"wp","href":"https:\/\/api.w.org\/{rel}","templated":true}]}}