{"id":10784,"date":"2024-10-22T12:07:38","date_gmt":"2024-10-22T15:07:38","guid":{"rendered":"https:\/\/www.toque-musicall.com\/?p=10784"},"modified":"2024-10-27T12:10:44","modified_gmt":"2024-10-27T15:10:44","slug":"duofel-e-badal-roy-espelho-das-aguas-1994","status":"publish","type":"post","link":"https:\/\/www.toque-musicall.com\/?p=10784","title":{"rendered":"Duofel E Badal Roy &#8211; Espelho Das Aguas (1994)"},"content":{"rendered":"\n<figure class=\"wp-block-image size-large\"><img decoding=\"async\" src=\"https:\/\/blogger.googleusercontent.com\/img\/b\/R29vZ2xl\/AVvXsEjPO5AH5ALEaP67CDhEqbLMFjIM1WjxzRJqGOvroMXzmGK8Plw02jrVPmngeTlzLkymWCPHDArcloEjypjqMfGiwKYIhJvJkaW4nb4woWgzPSfgQ7SPh2T71T0WDtd4hPUx7JJPmoxnK_CtoqX4RgRzwSO7QWk3gIq-TxwTo7M8i3qT6_faZ4CEdr70vpCy\/w640-h626\/Capturar.JPG\" alt=\"\"\/><\/figure>\n\n\n\n<figure class=\"wp-block-image size-large\"><img decoding=\"async\" src=\"https:\/\/blogger.googleusercontent.com\/img\/b\/R29vZ2xl\/AVvXsEhmVvT3kC2DI7U-5Zzz6B3fEz7x77eCwNmxyyNOjk7uAW-b9LYPvqBAIipM7wvpRXebEqLTYtEq-sn1O4rVqIEA2nzF9Ycv7qcGIwgL-1OFcumdSJgaLAUDaJQv36jsdIYQ9gbjhf7n3FHU2OF3SJTeT7pX69PxPdiGshpk4JTvEOv7pmb6NMnO1qahixed\/w640-h566\/Capturarb.JPG\" alt=\"\"\/><\/figure>\n\n\n<div class=\"separator\">Para os amantes da boa m\u00fasica ac\u00fastica e instrumental temos aqui este cd\u00a0 trazendo os dois violonistas, Luiz Bueno e Fernando Melo, o Duofel ao lado do percussionista indiano Badal Roy. Trata-se de um registro ao vivo feito em uma apresenta\u00e7\u00e3o no Teatro Crowne Plaza, em S\u00e3o Paulo. No encarte do cd consta um texto de Zuza Homem de Mello sobre esse encontro e essa fus\u00e3o entre o indiano e o Duofel. Cd lan\u00e7ado pelo selo Velas em 1994. Confiram no GTM&#8230;<\/div>\n<div class=\"separator\">\u00a0<\/div>\n<div class=\"separator\">samba do indiano doido<\/div>\n<div class=\"separator\">roda gigante<\/div>\n<div class=\"separator\">mirante<\/div>\n<div class=\"separator\">calypso nervoso<\/div>\n<div class=\"separator\">amitav<\/div>\n<div class=\"separator\">porto feliz<\/div>\n<div class=\"separator\">espelho das aguas<\/div>\n<div class=\"separator\">pra l\u00e1 de bangladesh<\/div>\n<div class=\"separator\">teen<\/div>\n<div class=\"separator\">\u00a0<\/div>\n<div class=\"separator\">\u00a0<\/div>\n<div class=\"separator\">.<\/div>","protected":false},"excerpt":{"rendered":"<p>Para os amantes da boa m\u00fasica ac\u00fastica e instrumental temos aqui este cd\u00a0 trazendo os dois violonistas, Luiz Bueno e Fernando Melo, o Duofel ao lado do percussionista indiano Badal Roy. Trata-se de um registro ao vivo feito em uma &hellip; <a href=\"https:\/\/www.toque-musicall.com\/?p=10784\">Continue lendo <span class=\"meta-nav\">&rarr;<\/span><\/a><\/p>\n","protected":false},"author":1,"featured_media":0,"comment_status":"closed","ping_status":"closed","sticky":false,"template":"","format":"standard","meta":{"footnotes":""},"categories":[1],"tags":[5791,5814],"class_list":["post-10784","post","type-post","status-publish","format-standard","hentry","category-sem-categoria","tag-cds-2","tag-duofel"],"_links":{"self":[{"href":"https:\/\/www.toque-musicall.com\/index.php?rest_route=\/wp\/v2\/posts\/10784","targetHints":{"allow":["GET"]}}],"collection":[{"href":"https:\/\/www.toque-musicall.com\/index.php?rest_route=\/wp\/v2\/posts"}],"about":[{"href":"https:\/\/www.toque-musicall.com\/index.php?rest_route=\/wp\/v2\/types\/post"}],"author":[{"embeddable":true,"href":"https:\/\/www.toque-musicall.com\/index.php?rest_route=\/wp\/v2\/users\/1"}],"replies":[{"embeddable":true,"href":"https:\/\/www.toque-musicall.com\/index.php?rest_route=%2Fwp%2Fv2%2Fcomments&post=10784"}],"version-history":[{"count":1,"href":"https:\/\/www.toque-musicall.com\/index.php?rest_route=\/wp\/v2\/posts\/10784\/revisions"}],"predecessor-version":[{"id":10785,"href":"https:\/\/www.toque-musicall.com\/index.php?rest_route=\/wp\/v2\/posts\/10784\/revisions\/10785"}],"wp:attachment":[{"href":"https:\/\/www.toque-musicall.com\/index.php?rest_route=%2Fwp%2Fv2%2Fmedia&parent=10784"}],"wp:term":[{"taxonomy":"category","embeddable":true,"href":"https:\/\/www.toque-musicall.com\/index.php?rest_route=%2Fwp%2Fv2%2Fcategories&post=10784"},{"taxonomy":"post_tag","embeddable":true,"href":"https:\/\/www.toque-musicall.com\/index.php?rest_route=%2Fwp%2Fv2%2Ftags&post=10784"}],"curies":[{"name":"wp","href":"https:\/\/api.w.org\/{rel}","templated":true}]}}