{"id":10786,"date":"2024-10-23T15:41:05","date_gmt":"2024-10-23T18:41:05","guid":{"rendered":"https:\/\/www.toque-musicall.com\/?p=10786"},"modified":"2024-10-28T15:57:50","modified_gmt":"2024-10-28T18:57:50","slug":"claudio-faria-o-que-ninguem-ensina-2016","status":"publish","type":"post","link":"https:\/\/www.toque-musicall.com\/?p=10786","title":{"rendered":"Claudio Faria &#8211; O Que Ningu\u00e9m Ensina (2016)"},"content":{"rendered":"\n<figure class=\"wp-block-image size-large\"><img decoding=\"async\" src=\"https:\/\/blogger.googleusercontent.com\/img\/b\/R29vZ2xl\/AVvXsEhF4dgl-C4MAA_2YSWck5CswzVqfPqM6nyWTxRz38HKtrtOIqWVsKsBqlWlP87_5LEsUQBwAOq1JaFkXF6PQ93um_CXNC8lngpA1Dg_QXH2f7DBYKJndzss8yKG1mKr6Li-IydnI2mZrgZOxXVr6Ii_pDpaXzwXh5LeBPCTRk5BX24uLEllTB4SQDbc4X6B\/w640-h570\/Capturar.JPG\" alt=\"\"\/><\/figure>\n\n\n\n<figure class=\"wp-block-image size-large\"><img decoding=\"async\" src=\"https:\/\/blogger.googleusercontent.com\/img\/b\/R29vZ2xl\/AVvXsEi3t3B_lnx3NbmnVecnDqFt33XFwUa-s8R-bPgWGJxBKpiBy5bnHdhIh3NU_pbJ3xJ9Ouilvd6uFYeqZen1lhtxb-Zj5J2R9n5coL1_WVaPQLXdcEk4AVGzf_PjClbgyT0TjPrmfpBL4hzicCW-3XgTUhZmuL07LJUM8Xv-n2ojhui6uO0Gt_wmLKDnX8Yg\/w640-h564\/Capturarb.JPG\" alt=\"\"\/><\/figure>\n\n\n<div class=\"separator\">Um cd bem bacana \u00e9 o que temos aqui, segundo e \u00faltimo disco autoral do m\u00fasico mineiro Claudio Faria. &#8220;O que ningu\u00e9m ensina&#8221; foi um trabalho que ele dedicou a sua m\u00e3e, a artista pl\u00e1tica Maria Simim Faria que havia falecido em 2014. Claudio Faria lan\u00e7ou este cd, de produ\u00e7\u00e3o independente, em 2016. Contou tamb\u00e9m com a participa\u00e7\u00e3o da cantora Leila Pinheiro. Pouco tempo depois, foi diagnosticado com uma toxoplasmose cerebral, vindo a falecer no ano seguinte, infelizmente, com apensa 48 anos. Claudio Faria era cantor, compositor, tecladista, arranjador e produtor. Paralelamente, h\u00e1 mais de 20 anos fazia parte da banda de Beto Guedes.<\/div>\n<div class=\"separator\">\u00a0<\/div>\n<div class=\"separator\">simples can\u00e7\u00e3o<\/div>\n<div class=\"separator\">ama por amar<\/div>\n<div class=\"separator\">tudo em voc\u00ea<\/div>\n<div class=\"separator\">motivo<\/div>\n<div class=\"separator\">paisagem lunar<\/div>\n<div class=\"separator\">sob o sol do rio<\/div>\n<div class=\"separator\">meu porto<\/div>\n<div class=\"separator\">o que ninguem ensina<\/div>\n<div class=\"separator\">ar de mist\u00e9rio<\/div>\n<div class=\"separator\">quatro luas<\/div>\n<div class=\"separator\">aguas do sossego<\/div>\n<div class=\"separator\">\u00a0<\/div>\n<div class=\"separator\">.<\/div>","protected":false},"excerpt":{"rendered":"<p>Um cd bem bacana \u00e9 o que temos aqui, segundo e \u00faltimo disco autoral do m\u00fasico mineiro Claudio Faria. &#8220;O que ningu\u00e9m ensina&#8221; foi um trabalho que ele dedicou a sua m\u00e3e, a artista pl\u00e1tica Maria Simim Faria que havia &hellip; <a href=\"https:\/\/www.toque-musicall.com\/?p=10786\">Continue lendo <span class=\"meta-nav\">&rarr;<\/span><\/a><\/p>\n","protected":false},"author":1,"featured_media":0,"comment_status":"closed","ping_status":"closed","sticky":false,"template":"","format":"standard","meta":{"footnotes":""},"categories":[1],"tags":[5791,5816],"class_list":["post-10786","post","type-post","status-publish","format-standard","hentry","category-sem-categoria","tag-cds-2","tag-claudio-faria"],"_links":{"self":[{"href":"https:\/\/www.toque-musicall.com\/index.php?rest_route=\/wp\/v2\/posts\/10786","targetHints":{"allow":["GET"]}}],"collection":[{"href":"https:\/\/www.toque-musicall.com\/index.php?rest_route=\/wp\/v2\/posts"}],"about":[{"href":"https:\/\/www.toque-musicall.com\/index.php?rest_route=\/wp\/v2\/types\/post"}],"author":[{"embeddable":true,"href":"https:\/\/www.toque-musicall.com\/index.php?rest_route=\/wp\/v2\/users\/1"}],"replies":[{"embeddable":true,"href":"https:\/\/www.toque-musicall.com\/index.php?rest_route=%2Fwp%2Fv2%2Fcomments&post=10786"}],"version-history":[{"count":1,"href":"https:\/\/www.toque-musicall.com\/index.php?rest_route=\/wp\/v2\/posts\/10786\/revisions"}],"predecessor-version":[{"id":10787,"href":"https:\/\/www.toque-musicall.com\/index.php?rest_route=\/wp\/v2\/posts\/10786\/revisions\/10787"}],"wp:attachment":[{"href":"https:\/\/www.toque-musicall.com\/index.php?rest_route=%2Fwp%2Fv2%2Fmedia&parent=10786"}],"wp:term":[{"taxonomy":"category","embeddable":true,"href":"https:\/\/www.toque-musicall.com\/index.php?rest_route=%2Fwp%2Fv2%2Fcategories&post=10786"},{"taxonomy":"post_tag","embeddable":true,"href":"https:\/\/www.toque-musicall.com\/index.php?rest_route=%2Fwp%2Fv2%2Ftags&post=10786"}],"curies":[{"name":"wp","href":"https:\/\/api.w.org\/{rel}","templated":true}]}}