{"id":10797,"date":"2024-10-28T17:55:36","date_gmt":"2024-10-28T20:55:36","guid":{"rendered":"https:\/\/www.toque-musicall.com\/?p=10797"},"modified":"2024-11-06T17:58:55","modified_gmt":"2024-11-06T20:58:55","slug":"marcio-lomiranda-verdazul-2008","status":"publish","type":"post","link":"https:\/\/www.toque-musicall.com\/?p=10797","title":{"rendered":"M\u00e1rcio Lomiranda &#8211; Verdazul (2008)"},"content":{"rendered":"\n<figure class=\"wp-block-image size-large\"><img decoding=\"async\" src=\"https:\/\/blogger.googleusercontent.com\/img\/b\/R29vZ2xl\/AVvXsEgR0kx_kQHUMcTeSbflRmv-w1DWmuDdjP1DUJKXUAYZ2gdz6imRtXtZQV8QdBY788e5PzReilVGKAFEABFdh4sHYqqARnqPGvyvlP0js1ZVAWWgJwEdc6YG1j_1RfeGe0cgUMjAhJyv0VipYQSsydiMUeranMfjYvXoj5blOjo57pm0ghnU6ygq1Imi4sTQ\/w640-h582\/Imagem%20do%20WhatsApp%20de%202024-10-30%20%C3%A0(s)%2020.12.35_fd828bd3.jpg\" alt=\"\"\/><\/figure>\n\n\n\n<figure class=\"wp-block-image size-large\"><img decoding=\"async\" src=\"https:\/\/blogger.googleusercontent.com\/img\/b\/R29vZ2xl\/AVvXsEhhl9m2M21hO8pkd7UsvxgxyFI-IewQIjIEu37ZwsR8Zgn4ANo63qphcOtThAgz4zZUWtPTyJ1B0xPb5-Ij05xEso_JU2bpCZN6fmOhq2EZX5SDX4WT-ZfixLGBuTmG9kz0M2p9a_bCfv6jk1gl-jBTuYajrFCrxC6pCU7S1XIHZN760zuNU9tW-l6Qg-JJ\/w640-h574\/Imagem%20do%20WhatsApp%20de%202024-10-30%20%C3%A0(s)%2020.12.35_48c09458.jpg\" alt=\"\"\/><\/figure>\n\n\n<div class=\"separator\">O cd de hoje \u00e9 um trabalho solo do m\u00fasico, compositor, arranjador e produtor mineiro, M\u00e1rcio Lomirada. Ali\u00e1s, consta como sendo o seu primeiro disco solo. J\u00e1 apresentamos ele aqui, em outro trabalho, o Eletro Fluminas, de 2001, ao lado do guitarrista Paulo Rafael e a cantora Taryn Szpilman. Embora s\u00f3 tenha lan\u00e7ado seu primeiro disco solo em 2008, M\u00e1rcio tem muita bagagem, curr\u00edculo e tempo de estrada. Como tecladista e arranjador j\u00e1 esteve presente em discos importantes de artistas famosos da MPB. H\u00e1 mais de duas d\u00e9cadas integra a equipe de produtores musicais da Rede Globo, sendo compositor de trilhas originais para v\u00e1rios dos programas da emissora.<\/div>\n<div class=\"separator\">Verdazul parece seguir exatamente essa linha, um estilo de m\u00fasica visual, uma mesclagem de diferentes elementos com muitos recursos eletr\u00f4nicos, prontinho para trilha do que for, at\u00e9 mesmo para nosso pr\u00f3prio ambiente. Bem legal.<\/div>\n<div class=\"separator\">\u00a0<\/div>\n<div class=\"separator\">vamos a praia<\/div>\n<div class=\"separator\">aster\u00f3ide<\/div>\n<div class=\"separator\">um pouco de ar<\/div>\n<div class=\"separator\">mr. rabbit<\/div>\n<div class=\"separator\">drink me eat me<\/div>\n<div class=\"separator\">virgulino<\/div>\n<div class=\"separator\">cogumelos vermelhos<\/div>\n<div class=\"separator\">ch\u00e1maluco<\/div>\n<div class=\"separator\">salmo<\/div>\n<div class=\"separator\">s\u00f3 d\u00f3i de um lado<\/div>\n<div class=\"separator\">venusiana<\/div>\n<div class=\"separator\">a lagarta<\/div>\n<div class=\"separator\">ponte para kling klang<\/div>\n<div class=\"separator\">cortem-lhe a cabe\u00e7a<\/div>\n<div class=\"separator\">verdazul<\/div>\n<div class=\"separator\">blond love doll<\/div>\n<div class=\"separator\">\u00a0<\/div>\n<div class=\"separator\">\u00a0<\/div>\n<div class=\"separator\">.<\/div>\n<div class=\"separator\">\u00a0<\/div>","protected":false},"excerpt":{"rendered":"<p>O cd de hoje \u00e9 um trabalho solo do m\u00fasico, compositor, arranjador e produtor mineiro, M\u00e1rcio Lomirada. Ali\u00e1s, consta como sendo o seu primeiro disco solo. J\u00e1 apresentamos ele aqui, em outro trabalho, o Eletro Fluminas, de 2001, ao lado &hellip; <a href=\"https:\/\/www.toque-musicall.com\/?p=10797\">Continue lendo <span class=\"meta-nav\">&rarr;<\/span><\/a><\/p>\n","protected":false},"author":1,"featured_media":0,"comment_status":"closed","ping_status":"closed","sticky":false,"template":"","format":"standard","meta":{"footnotes":""},"categories":[1],"tags":[5791,5818],"class_list":["post-10797","post","type-post","status-publish","format-standard","hentry","category-sem-categoria","tag-cds-2","tag-marcio-lomiranda"],"_links":{"self":[{"href":"https:\/\/www.toque-musicall.com\/index.php?rest_route=\/wp\/v2\/posts\/10797","targetHints":{"allow":["GET"]}}],"collection":[{"href":"https:\/\/www.toque-musicall.com\/index.php?rest_route=\/wp\/v2\/posts"}],"about":[{"href":"https:\/\/www.toque-musicall.com\/index.php?rest_route=\/wp\/v2\/types\/post"}],"author":[{"embeddable":true,"href":"https:\/\/www.toque-musicall.com\/index.php?rest_route=\/wp\/v2\/users\/1"}],"replies":[{"embeddable":true,"href":"https:\/\/www.toque-musicall.com\/index.php?rest_route=%2Fwp%2Fv2%2Fcomments&post=10797"}],"version-history":[{"count":1,"href":"https:\/\/www.toque-musicall.com\/index.php?rest_route=\/wp\/v2\/posts\/10797\/revisions"}],"predecessor-version":[{"id":10798,"href":"https:\/\/www.toque-musicall.com\/index.php?rest_route=\/wp\/v2\/posts\/10797\/revisions\/10798"}],"wp:attachment":[{"href":"https:\/\/www.toque-musicall.com\/index.php?rest_route=%2Fwp%2Fv2%2Fmedia&parent=10797"}],"wp:term":[{"taxonomy":"category","embeddable":true,"href":"https:\/\/www.toque-musicall.com\/index.php?rest_route=%2Fwp%2Fv2%2Fcategories&post=10797"},{"taxonomy":"post_tag","embeddable":true,"href":"https:\/\/www.toque-musicall.com\/index.php?rest_route=%2Fwp%2Fv2%2Ftags&post=10797"}],"curies":[{"name":"wp","href":"https:\/\/api.w.org\/{rel}","templated":true}]}}