{"id":10799,"date":"2024-10-29T18:00:13","date_gmt":"2024-10-29T21:00:13","guid":{"rendered":"https:\/\/www.toque-musicall.com\/?p=10799"},"modified":"2024-11-06T18:04:26","modified_gmt":"2024-11-06T21:04:26","slug":"noel-rosa-interpretado-por-guiba","status":"publish","type":"post","link":"https:\/\/www.toque-musicall.com\/?p=10799","title":{"rendered":"Noel Rosa Interpretado Por Guiba\u00a0(1993)"},"content":{"rendered":"\n<figure class=\"wp-block-image size-large\"><img decoding=\"async\" src=\"https:\/\/blogger.googleusercontent.com\/img\/b\/R29vZ2xl\/AVvXsEjm6m_lMjU2-0RKXJ1mljmrsW7cA795yzzZKq5pYoowBfpKGFmsnjy0hxY1GnTcBEejsmiis88iFdrqdiGpqyNCmEN8xQCQ65bzx3gUfkGX2uvq7oyanUlatViqHdScs0huQ_FQxXx-35Doeapox_L8myuD0bxyitgy_aqbplSJx2D_Ab5xillsmFsCpS50\/w636-h640\/Capturar.JPG\" alt=\"\"\/><\/figure>\n\n\n\n<figure class=\"wp-block-image size-large\"><img decoding=\"async\" src=\"https:\/\/blogger.googleusercontent.com\/img\/b\/R29vZ2xl\/AVvXsEhy-tqTVXvrLHOCBi7LLF59M79FmND3mKh2Emm_BkMNoEHIoMTUrNS6Wd9R9NueTNwLfveYDvVhuGyOXEatBxkH5m9YCCd_mWDADnmGkjOkq57tCEYfMGEvJQAfA3VGPeaO2ycBu-VvshrzLx6iCjcoYq6d1krc4dGFlu0k-VKEO3QMOhI3ml-nopylbSnw\/w640-h596\/Capturarb.JPG\" alt=\"\"\/><\/figure>\n\n\n<div class=\"separator\">Mais um disquinho de mineiro, mais uma vez puxando a sardinha para o nosso lado. Isso \u00e9 o que ir\u00e3o pensar e vai ser dif\u00edcil dizer que n\u00e3o. Por\u00e9m, o que acontece \u00e9 que vamos postando aqui, aquilo que a gente est\u00e1 ouvindo e achando interessante trazer para o Toque Musical. Op\u00e7\u00f5es n\u00e3o faltam, h\u00e1 centenas de t\u00edtulos interessantes esperando sua vez. Na medida do poss\u00edvel, vamos tamb\u00e9m publicando os lan\u00e7amentos que s\u00f3 sa\u00edram em compact disc. O m\u00eas exclusivo do cd vai chegando ao fim&#8230;<\/div>\n<div class=\"separator\">Ent\u00e3o, voltando, aqui temos uma produ\u00e7\u00e3o mineira, o cavaquinista Guiba numa sele\u00e7\u00e3o instrumental com a m\u00fasica de Noel Rosa. Gravado em 1993 na Bemol pelo Dirceu Cheib. O disco \u00e9 uma produ\u00e7\u00e3o do violonista Geraldo Vianna que juntamente com outros grandes m\u00fasicos mineiros d\u00e3o a base para o cavaquinho de Guiba. Disquinho bem legal, vale a pena conhecer. Confiram no GTM&#8230;<\/div>\n<div class=\"separator\">\u00a0<\/div>\n<div class=\"separator\">com que roupa<\/div>\n<div class=\"separator\">fita amarela<\/div>\n<div class=\"separator\">o orvalho vem caindo<\/div>\n<div class=\"separator\">feiti\u00e7o da vila<\/div>\n<div class=\"separator\">feitio de ora\u00e7\u00e3o<\/div>\n<div class=\"separator\">choro<\/div>\n<div class=\"separator\">conversa de botequim<\/div>\n<div class=\"separator\">o x do problema<\/div>\n<div class=\"separator\">filosofia<\/div>\n<div class=\"separator\">papite infeliz<\/div>\n<div class=\"separator\">\u00a0<\/div>\n<div class=\"separator\">\u00a0<\/div>\n<div class=\"separator\">.<\/div>","protected":false},"excerpt":{"rendered":"<p>Mais um disquinho de mineiro, mais uma vez puxando a sardinha para o nosso lado. Isso \u00e9 o que ir\u00e3o pensar e vai ser dif\u00edcil dizer que n\u00e3o. Por\u00e9m, o que acontece \u00e9 que vamos postando aqui, aquilo que a &hellip; <a href=\"https:\/\/www.toque-musicall.com\/?p=10799\">Continue lendo <span class=\"meta-nav\">&rarr;<\/span><\/a><\/p>\n","protected":false},"author":1,"featured_media":0,"comment_status":"closed","ping_status":"closed","sticky":false,"template":"","format":"standard","meta":{"footnotes":""},"categories":[1],"tags":[3208,3390,5819,4692],"class_list":["post-10799","post","type-post","status-publish","format-standard","hentry","category-sem-categoria","tag-cds","tag-geraldo-vianna","tag-guiba","tag-noel-rosa"],"_links":{"self":[{"href":"https:\/\/www.toque-musicall.com\/index.php?rest_route=\/wp\/v2\/posts\/10799","targetHints":{"allow":["GET"]}}],"collection":[{"href":"https:\/\/www.toque-musicall.com\/index.php?rest_route=\/wp\/v2\/posts"}],"about":[{"href":"https:\/\/www.toque-musicall.com\/index.php?rest_route=\/wp\/v2\/types\/post"}],"author":[{"embeddable":true,"href":"https:\/\/www.toque-musicall.com\/index.php?rest_route=\/wp\/v2\/users\/1"}],"replies":[{"embeddable":true,"href":"https:\/\/www.toque-musicall.com\/index.php?rest_route=%2Fwp%2Fv2%2Fcomments&post=10799"}],"version-history":[{"count":2,"href":"https:\/\/www.toque-musicall.com\/index.php?rest_route=\/wp\/v2\/posts\/10799\/revisions"}],"predecessor-version":[{"id":10801,"href":"https:\/\/www.toque-musicall.com\/index.php?rest_route=\/wp\/v2\/posts\/10799\/revisions\/10801"}],"wp:attachment":[{"href":"https:\/\/www.toque-musicall.com\/index.php?rest_route=%2Fwp%2Fv2%2Fmedia&parent=10799"}],"wp:term":[{"taxonomy":"category","embeddable":true,"href":"https:\/\/www.toque-musicall.com\/index.php?rest_route=%2Fwp%2Fv2%2Fcategories&post=10799"},{"taxonomy":"post_tag","embeddable":true,"href":"https:\/\/www.toque-musicall.com\/index.php?rest_route=%2Fwp%2Fv2%2Ftags&post=10799"}],"curies":[{"name":"wp","href":"https:\/\/api.w.org\/{rel}","templated":true}]}}