{"id":1080,"date":"2009-09-20T20:56:00","date_gmt":"2009-09-20T20:56:00","guid":{"rendered":"http:\/\/www.toque-musicall.com\/?p=1080"},"modified":"2009-09-20T20:56:00","modified_gmt":"2009-09-20T20:56:00","slug":"francisco-jose-o-melhor-de-francisco-jose-1984","status":"publish","type":"post","link":"https:\/\/www.toque-musicall.com\/?p=1080","title":{"rendered":"Francisco Jos\u00e9 &#8211; O Melhor De Francisco Jos\u00e9 (1984)"},"content":{"rendered":"<p><a href=\"http:\/\/4.bp.blogspot.com\/_DSKVEvHtskc\/SraXX3TAWgI\/AAAAAAAAFYA\/keghVeGXdXk\/s1600-h\/Chico+Z%C3%A9+P.JPG\"><img decoding=\"async\" style=\"display:block; margin:0px auto 10px; text-align:center;cursor:pointer; cursor:hand;width: 396px; height: 400px;\" src=\"http:\/\/4.bp.blogspot.com\/_DSKVEvHtskc\/SraXX3TAWgI\/AAAAAAAAFYA\/keghVeGXdXk\/s400\/Chico+Z%C3%A9+P.JPG\" border=\"0\" alt=\"\" id=\"BLOGGER_PHOTO_ID_5383656840804456962\" \/><\/a>Depois daquela bacalhoada, n\u00e3o deu outra&#8230; Vai aqui o t\u00e3o esperado <a href=\"http:\/\/memoriadampb.multiply.com\/photos\/album\/150\">Francisco Jos\u00e9<\/a>. Algumas pessoas haviam me pedido mais coisas desse cantor portugu\u00eas. Demorou um pouco mas chegou. Para atender a todos, escolhi uma colet\u00e2nea das melhores. Temos aqui &#8216;seus 14 maiores sucessos rom\u00e2nticos&#8217;, reunidos em um \u00e1lbum do selo Elenco e lan\u00e7ado nos anos 80. As m\u00fasicas do disco foram recolhidas dos lps  que o &#8216;Chico Z\u00e9&#8217; gravou <a href=\"http:\/\/toque-musicall.blogspot.com\/2009\/03\/francisco-jose-outra-vez-cantando-as.html\">pela Philips<\/a>. Sem d\u00favida, em seus melhores e mais marcantes momentos. Aqui est\u00e3o reunidas m\u00fasicas imortais do repert\u00f3rio portugu\u00eas (e tamb\u00e9m brasileiro, ora pois) que o imortalizaram como um dos grandes fadistas e int\u00e9rpretes.<\/p>\n<div>O que mais me impressionou neste disco \u00e9 a qualidade da grava\u00e7\u00e3o. Perfeita! Isso valorizou ainda mais o instrumental, mostrando a riqueza dos arranjos, somados a bela voz do cantor. <\/div>\n<div>Uma d\u00favida que ficou e que eu gostaria de contar com a colabora\u00e7\u00e3o de quem sabe. Nos anos 80 o selo Elenco ainda tinha a supervis\u00e3o do Aloysio de Oliveira? Sei que foram produzidos alguns \u00e1lbuns nessa d\u00e9cada, mas numa procurada r\u00e1pida n\u00e3o vi nada a respeito. Diz a\u00ed voc\u00ea que sabe, n\u00e3o amarra a informa\u00e7\u00e3o :)))<\/div>\n<div><\/div>\n<div style=\"text-align: center;\">coimbra<\/div>\n<div style=\"text-align: center;\">doido sim, mas n\u00e3o louco<\/div>\n<div style=\"text-align: center;\">sinal da cruz<\/div>\n<div style=\"text-align: center;\">que me importa<\/div>\n<div style=\"text-align: center;\">que deus me perdoe<\/div>\n<div style=\"text-align: center;\">saudade, vai-te embora<\/div>\n<div style=\"text-align: center;\">nem as paredes confesso<\/div>\n<div style=\"text-align: center;\">fado hil\u00e1rio<\/div>\n<div style=\"text-align: center;\">s\u00f3 n\u00f3s dois<\/div>\n<div style=\"text-align: center;\">foi deus<\/div>\n<div style=\"text-align: center;\"><a href=\"http:\/\/www.youtube.com\/watch?v=sFhJskkG4AU\">olhos castanhos<\/a><\/div>\n<div style=\"text-align: center;\">lisboa antiga<\/div>\n<div style=\"text-align: center;\"><\/div>\n<div style=\"text-align: center;\"><\/div>\n","protected":false},"excerpt":{"rendered":"<p>Depois daquela bacalhoada, n\u00e3o deu outra&#8230; Vai aqui o t\u00e3o esperado Francisco Jos\u00e9. Algumas pessoas haviam me pedido mais coisas desse cantor portugu\u00eas. Demorou um pouco mas chegou. Para atender a todos, escolhi uma colet\u00e2nea das melhores. Temos aqui &#8216;seus &hellip; <a href=\"https:\/\/www.toque-musicall.com\/?p=1080\">Continue lendo <span class=\"meta-nav\">&rarr;<\/span><\/a><\/p>\n","protected":false},"author":1,"featured_media":0,"comment_status":"open","ping_status":"closed","sticky":false,"template":"","format":"standard","meta":{"footnotes":""},"categories":[380],"tags":[],"class_list":["post-1080","post","type-post","status-publish","format-standard","hentry","category-francisco-jose"],"_links":{"self":[{"href":"https:\/\/www.toque-musicall.com\/index.php?rest_route=\/wp\/v2\/posts\/1080","targetHints":{"allow":["GET"]}}],"collection":[{"href":"https:\/\/www.toque-musicall.com\/index.php?rest_route=\/wp\/v2\/posts"}],"about":[{"href":"https:\/\/www.toque-musicall.com\/index.php?rest_route=\/wp\/v2\/types\/post"}],"author":[{"embeddable":true,"href":"https:\/\/www.toque-musicall.com\/index.php?rest_route=\/wp\/v2\/users\/1"}],"replies":[{"embeddable":true,"href":"https:\/\/www.toque-musicall.com\/index.php?rest_route=%2Fwp%2Fv2%2Fcomments&post=1080"}],"version-history":[{"count":0,"href":"https:\/\/www.toque-musicall.com\/index.php?rest_route=\/wp\/v2\/posts\/1080\/revisions"}],"wp:attachment":[{"href":"https:\/\/www.toque-musicall.com\/index.php?rest_route=%2Fwp%2Fv2%2Fmedia&parent=1080"}],"wp:term":[{"taxonomy":"category","embeddable":true,"href":"https:\/\/www.toque-musicall.com\/index.php?rest_route=%2Fwp%2Fv2%2Fcategories&post=1080"},{"taxonomy":"post_tag","embeddable":true,"href":"https:\/\/www.toque-musicall.com\/index.php?rest_route=%2Fwp%2Fv2%2Ftags&post=1080"}],"curies":[{"name":"wp","href":"https:\/\/api.w.org\/{rel}","templated":true}]}}