{"id":10802,"date":"2024-10-30T18:08:37","date_gmt":"2024-10-30T21:08:37","guid":{"rendered":"https:\/\/www.toque-musicall.com\/?p=10802"},"modified":"2024-11-06T18:12:03","modified_gmt":"2024-11-06T21:12:03","slug":"juarez-maciel-e-grupo-muda-subsolo-2007","status":"publish","type":"post","link":"https:\/\/www.toque-musicall.com\/?p=10802","title":{"rendered":"Juarez Maciel E Grupo Muda &#8211; Subsolo (2007)"},"content":{"rendered":"\n<figure class=\"wp-block-image size-large\"><img decoding=\"async\" src=\"https:\/\/blogger.googleusercontent.com\/img\/b\/R29vZ2xl\/AVvXsEhgLIDCxfUj3WpREi0W9YsKTm3Jg4QlQ9QsTiDdPTZhLxv5xzn6Nieotyko40MYNxrjPOvvO3aro_nS2SAwihiWBnZ-l1r_G8Eq8NwsslGx1bE8m0Tmj-B6HL4rnnua6xAlTroRFg2pwM-MvUBvQtPTslSurpsWvhGEp1CPFRYP1GYiIYA9YGmIDq1Cysnb\/w632-h640\/Imagem%20do%20WhatsApp%20de%202024-11-02%20%C3%A0(s)%2012.04.48_5cc6a8b9.jpg\" alt=\"\"\/><\/figure>\n\n\n\n<figure class=\"wp-block-image size-large\"><img decoding=\"async\" src=\"https:\/\/blogger.googleusercontent.com\/img\/b\/R29vZ2xl\/AVvXsEhKF2fcHCkizqfZ0iPy9Fvg2eid_1HuMh6jw7pgZAm15zI8xRnfZ0CQMs2ZJqJXupuHdLNSjtlFfoqFZRl26pKHnTPVxg6RIcivZdtOLfUNrNxbnT32U2cmmnotrFPOXjccFx4hP6w053m-_iBgEflQLW8WE53I2itVqScqMZnefzWzszSrXnqyQM-lLLV7\/w640-h496\/Imagem%20do%20WhatsApp%20de%202024-11-02%20%C3%A0(s)%2012.04.54_b56f2ab6.jpg\" alt=\"\"\/><\/figure>\n\n\n<div class=\"separator\">Mais um mineirim&#8230; mais um tiquim&#8230; hehehe&#8230; Uai, s\u00f4, t\u00e1 gostando n\u00e3o? Olha a\u00ed, hoje vamos com o Juarez Maciel e Grupo Muda, neste trabalho de 2007, &#8220;Subsolo&#8221;. Segundo a Sonhos&amp;Sons, distribuidora do cd, este trabalho \u00e9 descrito com m\u00fasica instrumental contempor\u00e2nea, devido ao uso de trompas, somado a pitadas jazz\u00edsticas e new age. Muito interessante, bem agrad\u00e1vel de se ouvir.<\/div>\n<div class=\"separator\">\u00a0<\/div>\n<div class=\"separator\">peixes<\/div>\n<div class=\"separator\">rubis e diamantes<\/div>\n<div class=\"separator\">cidade submersa<\/div>\n<div class=\"separator\">desvio para o zaul<\/div>\n<div class=\"separator\">movimento da lua<\/div>\n<div class=\"separator\">jazzidas<\/div>\n<div class=\"separator\">dan\u00e7a<\/div>\n<div class=\"separator\">circo imagin\u00e1rio<\/div>\n<div class=\"separator\">\u00a0<\/div>\n<div class=\"separator\">.<\/div>","protected":false},"excerpt":{"rendered":"<p>Mais um mineirim&#8230; mais um tiquim&#8230; hehehe&#8230; Uai, s\u00f4, t\u00e1 gostando n\u00e3o? Olha a\u00ed, hoje vamos com o Juarez Maciel e Grupo Muda, neste trabalho de 2007, &#8220;Subsolo&#8221;. Segundo a Sonhos&amp;Sons, distribuidora do cd, este trabalho \u00e9 descrito com m\u00fasica &hellip; <a href=\"https:\/\/www.toque-musicall.com\/?p=10802\">Continue lendo <span class=\"meta-nav\">&rarr;<\/span><\/a><\/p>\n","protected":false},"author":1,"featured_media":0,"comment_status":"closed","ping_status":"closed","sticky":false,"template":"","format":"standard","meta":{"footnotes":""},"categories":[1],"tags":[5791,5820],"class_list":["post-10802","post","type-post","status-publish","format-standard","hentry","category-sem-categoria","tag-cds-2","tag-juarez-maciel-grupo-muda"],"_links":{"self":[{"href":"https:\/\/www.toque-musicall.com\/index.php?rest_route=\/wp\/v2\/posts\/10802","targetHints":{"allow":["GET"]}}],"collection":[{"href":"https:\/\/www.toque-musicall.com\/index.php?rest_route=\/wp\/v2\/posts"}],"about":[{"href":"https:\/\/www.toque-musicall.com\/index.php?rest_route=\/wp\/v2\/types\/post"}],"author":[{"embeddable":true,"href":"https:\/\/www.toque-musicall.com\/index.php?rest_route=\/wp\/v2\/users\/1"}],"replies":[{"embeddable":true,"href":"https:\/\/www.toque-musicall.com\/index.php?rest_route=%2Fwp%2Fv2%2Fcomments&post=10802"}],"version-history":[{"count":1,"href":"https:\/\/www.toque-musicall.com\/index.php?rest_route=\/wp\/v2\/posts\/10802\/revisions"}],"predecessor-version":[{"id":10803,"href":"https:\/\/www.toque-musicall.com\/index.php?rest_route=\/wp\/v2\/posts\/10802\/revisions\/10803"}],"wp:attachment":[{"href":"https:\/\/www.toque-musicall.com\/index.php?rest_route=%2Fwp%2Fv2%2Fmedia&parent=10802"}],"wp:term":[{"taxonomy":"category","embeddable":true,"href":"https:\/\/www.toque-musicall.com\/index.php?rest_route=%2Fwp%2Fv2%2Fcategories&post=10802"},{"taxonomy":"post_tag","embeddable":true,"href":"https:\/\/www.toque-musicall.com\/index.php?rest_route=%2Fwp%2Fv2%2Ftags&post=10802"}],"curies":[{"name":"wp","href":"https:\/\/api.w.org\/{rel}","templated":true}]}}