{"id":10804,"date":"2024-10-31T22:41:50","date_gmt":"2024-11-01T01:41:50","guid":{"rendered":"https:\/\/www.toque-musicall.com\/?p=10804"},"modified":"2024-11-08T22:44:21","modified_gmt":"2024-11-09T01:44:21","slug":"ilana-volcov-bangue-2011","status":"publish","type":"post","link":"https:\/\/www.toque-musicall.com\/?p=10804","title":{"rendered":"Ilana Volcov &#8211; Bangu\u00ea (2011)"},"content":{"rendered":"\n<figure class=\"wp-block-image size-large\"><img decoding=\"async\" src=\"https:\/\/blogger.googleusercontent.com\/img\/b\/R29vZ2xl\/AVvXsEgSVJ5ifiZ7sr5fIDHi9j7YFtwhEZSX4iOhWivhk6Ev4bLVXFdRduRcSJ1H9Hk9F5dTLBv2Plt-rDhb-GUuuQ7mp5J3yYHCnLMReqjTTOHv_xmST_fU57oqC0JI4Ts5Dk9csfM950taavHLCJEv6WbKZ5L2pzTQ0dQZKK51ZPhyphenhypheneZlgqT_CgkUQZknriQxS\/w640-h578\/Capturar.JPG\" alt=\"\"\/><\/figure>\n\n\n\n<figure class=\"wp-block-image size-large\"><img decoding=\"async\" src=\"https:\/\/blogger.googleusercontent.com\/img\/b\/R29vZ2xl\/AVvXsEi8nKSRmTg2yrVs23NZPVw131FR-l00C7nG_KrM_b15zrGoOjqjdiAZdMkBptBfyQSGaK80UOpgU6r_rQtZEntNOxrCcHC6MH-GgaNZZ6lvTcUsSvWEv48xeFhU9Sur_mkQv4GwBIkcgymz4vIMNHGkDqyAztvQ-y67pNnXFbLgRu_aynFVduklwCUWbLRb\/w640-h570\/Capturarb.JPG\" alt=\"\"\/><\/figure>\n\n\n<div class=\"separator\">Enfim, fechamos aqui a mostra exclusiva de cds. Como h\u00e1 ainda tanta coisa pra gente mostrar, vamos ent\u00e3o adotar as postagens dos disquinhos prateados com mais frequencia, ou seja, agora vai rolar de tudo, vinil, cd, grava\u00e7\u00f5es caseiras, registros obscuros e tamb\u00e9m as nossas colet\u00e2neas que h\u00e1 tempos n\u00e3o trazemos por aqui.<\/div>\n<div class=\"separator\">Bom, seguindo aqui, temos este trabalho bem bacana da cantora paulista Ilana Volcov. &#8220;Bangu\u00ea&#8221; \u00e9 o nome deste que foi o seu disco de estr\u00e9ia, lan\u00e7ado pela Tratore em 2011. Ilana iniciou sua carreira como integrante do Grupo Barbatuques. Tamb\u00e9m atuou ao lado de outros grandes artitas como Zeca Baleiro, Ed Motta, Guinga, Vanessa da Mata, Eduardo Gudin e outros, tanto em discos quanto em shows. Neste disco ela interpreta treze can\u00e7\u00f5es escolhidas a dedo por ela. Um repert\u00f3rio fino com composi\u00e7\u00f5es de diferentes \u00e9pocas, muitas dessas verdadeiros cl\u00e1ssicos da nossa mpb. Vale a pena ouvir&#8230;<\/div>\n<div class=\"separator\">\u00a0<\/div>\n<div class=\"separator\">estatuinha<\/div>\n<div class=\"separator\">namorico da rita<\/div>\n<div class=\"separator\">onde eu nasci passa um rio<\/div>\n<div class=\"separator\">encontro<\/div>\n<div class=\"separator\">recife cidade lend\u00e1ria<\/div>\n<div class=\"separator\">leil\u00e3o (scenas coloniaes)<\/div>\n<div class=\"separator\">trem<\/div>\n<div class=\"separator\">paix\u00e3o e f\u00e9<\/div>\n<div class=\"separator\">morada<\/div>\n<div class=\"separator\">prossi\u00e7\u00e3o da padroeira<\/div>\n<div class=\"separator\">contradan\u00e7a<\/div>\n<div class=\"separator\">quando o samba acabou<\/div>\n<div class=\"separator\">na virada da costeira<\/div>\n<div class=\"separator\">\u00a0<\/div>\n<div class=\"separator\">\u00a0<\/div>\n<div class=\"separator\">.<\/div>\n<div class=\"separator\">\u00a0<\/div>","protected":false},"excerpt":{"rendered":"<p>Enfim, fechamos aqui a mostra exclusiva de cds. Como h\u00e1 ainda tanta coisa pra gente mostrar, vamos ent\u00e3o adotar as postagens dos disquinhos prateados com mais frequencia, ou seja, agora vai rolar de tudo, vinil, cd, grava\u00e7\u00f5es caseiras, registros obscuros &hellip; <a href=\"https:\/\/www.toque-musicall.com\/?p=10804\">Continue lendo <span class=\"meta-nav\">&rarr;<\/span><\/a><\/p>\n","protected":false},"author":1,"featured_media":0,"comment_status":"closed","ping_status":"closed","sticky":false,"template":"","format":"standard","meta":{"footnotes":""},"categories":[1],"tags":[5791,5821],"class_list":["post-10804","post","type-post","status-publish","format-standard","hentry","category-sem-categoria","tag-cds-2","tag-ilana-volcov"],"_links":{"self":[{"href":"https:\/\/www.toque-musicall.com\/index.php?rest_route=\/wp\/v2\/posts\/10804","targetHints":{"allow":["GET"]}}],"collection":[{"href":"https:\/\/www.toque-musicall.com\/index.php?rest_route=\/wp\/v2\/posts"}],"about":[{"href":"https:\/\/www.toque-musicall.com\/index.php?rest_route=\/wp\/v2\/types\/post"}],"author":[{"embeddable":true,"href":"https:\/\/www.toque-musicall.com\/index.php?rest_route=\/wp\/v2\/users\/1"}],"replies":[{"embeddable":true,"href":"https:\/\/www.toque-musicall.com\/index.php?rest_route=%2Fwp%2Fv2%2Fcomments&post=10804"}],"version-history":[{"count":1,"href":"https:\/\/www.toque-musicall.com\/index.php?rest_route=\/wp\/v2\/posts\/10804\/revisions"}],"predecessor-version":[{"id":10805,"href":"https:\/\/www.toque-musicall.com\/index.php?rest_route=\/wp\/v2\/posts\/10804\/revisions\/10805"}],"wp:attachment":[{"href":"https:\/\/www.toque-musicall.com\/index.php?rest_route=%2Fwp%2Fv2%2Fmedia&parent=10804"}],"wp:term":[{"taxonomy":"category","embeddable":true,"href":"https:\/\/www.toque-musicall.com\/index.php?rest_route=%2Fwp%2Fv2%2Fcategories&post=10804"},{"taxonomy":"post_tag","embeddable":true,"href":"https:\/\/www.toque-musicall.com\/index.php?rest_route=%2Fwp%2Fv2%2Ftags&post=10804"}],"curies":[{"name":"wp","href":"https:\/\/api.w.org\/{rel}","templated":true}]}}