{"id":10812,"date":"2024-11-03T19:10:49","date_gmt":"2024-11-03T22:10:49","guid":{"rendered":"https:\/\/www.toque-musicall.com\/?p=10812"},"modified":"2024-11-12T19:12:28","modified_gmt":"2024-11-12T22:12:28","slug":"paulo-diniz-e-marca-ferrada-1978","status":"publish","type":"post","link":"https:\/\/www.toque-musicall.com\/?p=10812","title":{"rendered":"Paulo Diniz &#8211; \u00c9 Marca Ferrada (1978)\u00a0"},"content":{"rendered":"\n<figure class=\"wp-block-image size-large\"><img decoding=\"async\" src=\"https:\/\/blogger.googleusercontent.com\/img\/b\/R29vZ2xl\/AVvXsEi6izeMP6NlanjCEcg8ByyhDPdjdqXFzh4SCC0dNY339CojOhCw0NG5s9wy7Pft_Bi436MdQ_66IuYBE4NgXQRZA7Ve9_Nxnjr7jy8b2D_re08Irf3W93HGxAv7O_tqstrTqUne8bhEbL-DSGAoVzgpXDUiSOWe77wWBYeVJha7U8f9eSTLbmO16Lj1ZPQe\/w630-h640\/capa.JPG\" alt=\"\"\/><\/figure>\n\n\n\n<figure class=\"wp-block-image size-large\"><img decoding=\"async\" src=\"https:\/\/blogger.googleusercontent.com\/img\/b\/R29vZ2xl\/AVvXsEj-HcSYl1A3RSz_5xvxAS9OlCDUwTYkXuYLTjFrBYM1C6tGJUPI_nEKfAHDShiNYm2TBkFbDP7XS0Wr-uTF7YbcxL9caDghEVppr1X5mV5Bw8tS9ti1UfoL_3ngHmiNespNUcJCruoMRYFEnpPhGMCYc_J3ZwboweKZze3HHndkI__BiqEr2V2bZjqKVqlu\/w640-h638\/contra.JPG\" alt=\"\"\/><\/figure>\n\n\n<div class=\"separator\">Hoje o nosso encontro \u00e9 com Paulo Diniz, artista que dispen\u00e7a maiores apresenta\u00e7\u00f5es. Pernambucano que no in\u00edcio dos anos 60 veio para o Rio de Janeiro para trabalhar em r\u00e1dio. Gravou seu primeiro disco e sucesso, &#8220;O chor\u00e3o&#8221;, em 1966 e da\u00ed para frente fez s\u00f3 crecer sua popularidade como outros tantos sucessos que viria a lan\u00e7ar na primeira metade dos anos 70. Aqui temos dele um dos \u00faltimos discos com m\u00fasicas que se destacaram, tal como &#8220;Me leva morena&#8221;, em parceria com Marconi Norato e Juhareiz Correya e tamb\u00e9m &#8220;Severina Cooper (It&#8217;s not mole n\u00e3o)&#8221;, de Accioly Neto. Ele tamb\u00e9m regrava aqui outro de seus grandes sucessos, a m\u00fasica &#8220;Pingos de amor&#8221;. O lp foi lan\u00e7ado pela EMI em 1978. Confiram no GTM&#8230;<\/div>\n<div class=\"separator\">\u00a0<\/div>\n<div class=\"separator\">me leva morena<\/div>\n<div class=\"separator\">limoeiro<\/div>\n<div class=\"separator\">folia<\/div>\n<div class=\"separator\">severina cooper (it&#8217;s not mole n\u00e3o)<\/div>\n<div class=\"separator\">candente<\/div>\n<div class=\"separator\">pelas ruas<\/div>\n<div class=\"separator\">marca ferrada<\/div>\n<div class=\"separator\">um chopp pra distrair \/ pingos de amor<\/div>\n<div class=\"separator\">depois de voc\u00ea, ninguem<\/div>\n<div class=\"separator\">essanegra ful\u00f4<\/div>\n<div class=\"separator\">bela bela<\/div>\n<div class=\"separator\">\u00a0<\/div>\n<div class=\"separator\">\u00a0<\/div>\n<div class=\"separator\">.<\/div>","protected":false},"excerpt":{"rendered":"<p>Hoje o nosso encontro \u00e9 com Paulo Diniz, artista que dispen\u00e7a maiores apresenta\u00e7\u00f5es. Pernambucano que no in\u00edcio dos anos 60 veio para o Rio de Janeiro para trabalhar em r\u00e1dio. Gravou seu primeiro disco e sucesso, &#8220;O chor\u00e3o&#8221;, em 1966 &hellip; <a href=\"https:\/\/www.toque-musicall.com\/?p=10812\">Continue lendo <span class=\"meta-nav\">&rarr;<\/span><\/a><\/p>\n","protected":false},"author":1,"featured_media":0,"comment_status":"closed","ping_status":"closed","sticky":false,"template":"","format":"standard","meta":{"footnotes":""},"categories":[1],"tags":[5189,3639],"class_list":["post-10812","post","type-post","status-publish","format-standard","hentry","category-sem-categoria","tag-paulo-diniz","tag-selo-emi"],"_links":{"self":[{"href":"https:\/\/www.toque-musicall.com\/index.php?rest_route=\/wp\/v2\/posts\/10812","targetHints":{"allow":["GET"]}}],"collection":[{"href":"https:\/\/www.toque-musicall.com\/index.php?rest_route=\/wp\/v2\/posts"}],"about":[{"href":"https:\/\/www.toque-musicall.com\/index.php?rest_route=\/wp\/v2\/types\/post"}],"author":[{"embeddable":true,"href":"https:\/\/www.toque-musicall.com\/index.php?rest_route=\/wp\/v2\/users\/1"}],"replies":[{"embeddable":true,"href":"https:\/\/www.toque-musicall.com\/index.php?rest_route=%2Fwp%2Fv2%2Fcomments&post=10812"}],"version-history":[{"count":1,"href":"https:\/\/www.toque-musicall.com\/index.php?rest_route=\/wp\/v2\/posts\/10812\/revisions"}],"predecessor-version":[{"id":10813,"href":"https:\/\/www.toque-musicall.com\/index.php?rest_route=\/wp\/v2\/posts\/10812\/revisions\/10813"}],"wp:attachment":[{"href":"https:\/\/www.toque-musicall.com\/index.php?rest_route=%2Fwp%2Fv2%2Fmedia&parent=10812"}],"wp:term":[{"taxonomy":"category","embeddable":true,"href":"https:\/\/www.toque-musicall.com\/index.php?rest_route=%2Fwp%2Fv2%2Fcategories&post=10812"},{"taxonomy":"post_tag","embeddable":true,"href":"https:\/\/www.toque-musicall.com\/index.php?rest_route=%2Fwp%2Fv2%2Ftags&post=10812"}],"curies":[{"name":"wp","href":"https:\/\/api.w.org\/{rel}","templated":true}]}}