{"id":10814,"date":"2024-11-05T20:22:36","date_gmt":"2024-11-05T23:22:36","guid":{"rendered":"https:\/\/www.toque-musicall.com\/?p=10814"},"modified":"2024-11-12T20:27:41","modified_gmt":"2024-11-12T23:27:41","slug":"armandinho-armando-macedo-1970-2","status":"publish","type":"post","link":"https:\/\/www.toque-musicall.com\/?p=10814","title":{"rendered":"Armandinho &#8211; Armando Macedo (1970)\u00a0"},"content":{"rendered":"\n<figure class=\"wp-block-image size-large\"><img decoding=\"async\" src=\"https:\/\/blogger.googleusercontent.com\/img\/b\/R29vZ2xl\/AVvXsEgwqceZJBI9FltH60gc98twBdY6vh4aV-hfw0n71OHKSbPzJcyxJcVUjOXQ49bLKlHFl6SEowkY_gvpp1fSiGoca-PW5sCmY61iIKEE_yYzrvPxtYfeH5ZA0eTHfkBof3y3heVo3hS13g2TNUul2wjIfZ0p7Y6PnL16tPULSmDWE0fpIG9VYmtiyZZp_ETW\/w626-h640\/Capturar.JPG\" alt=\"\"\/><\/figure>\n\n\n\n<figure class=\"wp-block-image size-large\"><img decoding=\"async\" src=\"https:\/\/blogger.googleusercontent.com\/img\/b\/R29vZ2xl\/AVvXsEg41t2JePVsm5pIJUqWTqTJlpICB0j032yRMHvqtwV7oKsXYoS8QK5ow2fbQWtf1mqdqDAif_GmEUgRbdkbosEWLID-rrQWDTggAYXDi0uvejU1oAWrx6zr9pUErI2dPeNnUdjnkZ9Qynr1lfzd7sUUXtiGGszA856T2ZhZFOzvoWn6DLestYBuj4Tad2Ce\/w640-h636\/Capturarb.JPG\" alt=\"\"\/><\/figure>\n\n\n<div class=\"separator\">Desta vez, temos Armandinho, da Cor do Som, aqui ent\u00e3o, Armando Macedo, em seu primeiro disco, lan\u00e7ado em 1969. Ainda um adolescente, mas j\u00e1 com um dom\u00ednio excepcional de instrumentos de corda. Foi atrav\u00e9s do lend\u00e1rio programa, A Grande Chance, do tamb\u00e9m lend\u00e1rio Fl\u00e1vio Cavalcanti que o jovem Armando Macedo faturou o primeiro lugar e com isso a chance de gravar um compacto que algum tempo depois viraria este lp, lan\u00e7ado pela Codil e seu selo Ritmos&#8230;<\/div>\n<div class=\"separator\">Veririficando aqui agora, percebo que j\u00e1 havia postado este lp ainda em 2010. Sem querer ser repetitivo e at\u00e9 porque j\u00e1 hav\u00edamos programado, segue mais uma vez o disco e tamb\u00e9m o compacto de bonus.<\/div>\n<div class=\"separator\">\u00a0<\/div>\n<div class=\"separator\">arrependimento<br \/>viola enluarada<br \/>tico tico no fub\u00e1<br \/>martinha<br \/>desespero<br \/>hino do senhor do bonfim<br \/>aquarela do brasil<br \/>peguei um ita no norte<br \/>iracema<br \/>vassourinhas<br \/>prenda minha<br \/>minas gerais<br \/>s\u00e3o paulo quatrocent\u00e3o<br \/>cidade maravilhosa<br \/>na baixa do sapateiro<br \/>pra frente brasil<br \/>molambo<br \/>divagando pelo cais<br \/>bentevi atrevido<br \/>carolina<br \/>o destino desfolhou<\/div>\n<div class=\"separator\">\u00a0<\/div>\n<div class=\"separator\">\u00a0<\/div>\n<div class=\"separator\">\u00a0<\/div>\n<div class=\"separator\">\u00a0<\/div>","protected":false},"excerpt":{"rendered":"<p>Desta vez, temos Armandinho, da Cor do Som, aqui ent\u00e3o, Armando Macedo, em seu primeiro disco, lan\u00e7ado em 1969. Ainda um adolescente, mas j\u00e1 com um dom\u00ednio excepcional de instrumentos de corda. Foi atrav\u00e9s do lend\u00e1rio programa, A Grande Chance, &hellip; <a href=\"https:\/\/www.toque-musicall.com\/?p=10814\">Continue lendo <span class=\"meta-nav\">&rarr;<\/span><\/a><\/p>\n","protected":false},"author":1,"featured_media":0,"comment_status":"closed","ping_status":"closed","sticky":false,"template":"","format":"standard","meta":{"footnotes":""},"categories":[1],"tags":[5764,5244],"class_list":["post-10814","post","type-post","status-publish","format-standard","hentry","category-sem-categoria","tag-armandinho","tag-selo-ritmos-codil"],"_links":{"self":[{"href":"https:\/\/www.toque-musicall.com\/index.php?rest_route=\/wp\/v2\/posts\/10814","targetHints":{"allow":["GET"]}}],"collection":[{"href":"https:\/\/www.toque-musicall.com\/index.php?rest_route=\/wp\/v2\/posts"}],"about":[{"href":"https:\/\/www.toque-musicall.com\/index.php?rest_route=\/wp\/v2\/types\/post"}],"author":[{"embeddable":true,"href":"https:\/\/www.toque-musicall.com\/index.php?rest_route=\/wp\/v2\/users\/1"}],"replies":[{"embeddable":true,"href":"https:\/\/www.toque-musicall.com\/index.php?rest_route=%2Fwp%2Fv2%2Fcomments&post=10814"}],"version-history":[{"count":1,"href":"https:\/\/www.toque-musicall.com\/index.php?rest_route=\/wp\/v2\/posts\/10814\/revisions"}],"predecessor-version":[{"id":10815,"href":"https:\/\/www.toque-musicall.com\/index.php?rest_route=\/wp\/v2\/posts\/10814\/revisions\/10815"}],"wp:attachment":[{"href":"https:\/\/www.toque-musicall.com\/index.php?rest_route=%2Fwp%2Fv2%2Fmedia&parent=10814"}],"wp:term":[{"taxonomy":"category","embeddable":true,"href":"https:\/\/www.toque-musicall.com\/index.php?rest_route=%2Fwp%2Fv2%2Fcategories&post=10814"},{"taxonomy":"post_tag","embeddable":true,"href":"https:\/\/www.toque-musicall.com\/index.php?rest_route=%2Fwp%2Fv2%2Ftags&post=10814"}],"curies":[{"name":"wp","href":"https:\/\/api.w.org\/{rel}","templated":true}]}}