{"id":10822,"date":"2024-11-09T19:24:16","date_gmt":"2024-11-09T22:24:16","guid":{"rendered":"https:\/\/www.toque-musicall.com\/?p=10822"},"modified":"2024-11-16T19:25:53","modified_gmt":"2024-11-16T22:25:53","slug":"jan-garbarek-john-abercombie-nana-vasconcelos-eventyr-1983","status":"publish","type":"post","link":"https:\/\/www.toque-musicall.com\/?p=10822","title":{"rendered":"Jan Garbarek John Abercombie Nana Vasconcelos &#8211; Eventyr (1983)"},"content":{"rendered":"\n<figure class=\"wp-block-image size-large\"><img decoding=\"async\" src=\"https:\/\/blogger.googleusercontent.com\/img\/b\/R29vZ2xl\/AVvXsEiwQ1USjKktD4G4ugXUVBCHCUZ0zqKKSrUXsp5fyMvgIOr3So11e9FdrrYn9EM5EkFrq6pyKVKITs3frsjvGfJzHPCwEmHwbZsnef5qV7KrmxEaBvJNtmGn1-wwTZDlyRdK98FfNsGwSuqlOYzCS30IJXJQXq9E0iQpxyXytLwSGlr7xxrQTWJ59PGaFgN4\/w640-h630\/Capturar.JPG\" alt=\"\"\/><\/figure>\n\n\n\n<figure class=\"wp-block-image size-large\"><img decoding=\"async\" src=\"https:\/\/blogger.googleusercontent.com\/img\/b\/R29vZ2xl\/AVvXsEgpfEs6rNDhu4p90DRslUS1sA7_5o3qJt-jS2qcYCFVkKxvoK2RWZfn-PG3AhVYC8_zBEH__yzHyvqEQENZE9aNokn_rzhrscujUU12geOBFM8562TTuUkbXjflAh2ahzWPVMknPXIsPXDB86FLDrjNPjwtvTHDGHhTB8mYepJArcEXr-9FKPJ540ai3BtB\/w640-h638\/Capturarb.JPG\" alt=\"\"\/><\/figure>\n\n\n<div class=\"separator\">Que salada mista est\u00e1 sendo este m\u00eas de novembro. Cada dia algo diferente, alegrando gregos, troianos e quem mais chegar. Na postagem de hoje nosso destaque \u00e9 para o genial Nan\u00e1 Vasconcelos. Como sabemos, ele construiu uma s\u00f3lida carreira internacional se tornando um dos mais respeit\u00e1veis percursionistas mundiais. Tocou com in\u00fameros artistas, estando presente em dezenas de discos nacionais e internacionais. Aqui temos ele em sua fase tocando e gravando pelo conceituado selo ECM, dedicado a m\u00fasica instrumental jazzistica. J\u00e1 apresentamos Nan\u00e1 em outro disco desta gravadora e agora trazemos &#8220;Eventyr&#8221;, trabalho que ele participa ao lado do saxofonista Jan Garbarek e do violonista e guitarrista John Abercrombie, gravado no in\u00edcio dos anos 80.<\/div>\n<div class=\"separator\">\u00a0<\/div>\n<div class=\"separator\">soria maria<\/div>\n<div class=\"separator\">liliekort<\/div>\n<div class=\"separator\">eventyr<\/div>\n<div class=\"separator\">weaving a garland<\/div>\n<div class=\"separator\">once upon a time<\/div>\n<div class=\"separator\">the companion<\/div>\n<div class=\"separator\">snipp snapp snute<\/div>\n<div class=\"separator\">east of the sum and west of the moon<\/div>\n<div class=\"separator\">\u00a0<\/div>\n<div class=\"separator\">\u00a0<\/div>\n<div class=\"separator\">.<\/div>\n<div class=\"separator\">\u00a0<\/div>","protected":false},"excerpt":{"rendered":"<p>Que salada mista est\u00e1 sendo este m\u00eas de novembro. Cada dia algo diferente, alegrando gregos, troianos e quem mais chegar. Na postagem de hoje nosso destaque \u00e9 para o genial Nan\u00e1 Vasconcelos. Como sabemos, ele construiu uma s\u00f3lida carreira internacional &hellip; <a href=\"https:\/\/www.toque-musicall.com\/?p=10822\">Continue lendo <span class=\"meta-nav\">&rarr;<\/span><\/a><\/p>\n","protected":false},"author":1,"featured_media":0,"comment_status":"closed","ping_status":"closed","sticky":false,"template":"","format":"standard","meta":{"footnotes":""},"categories":[1],"tags":[5075,5074],"class_list":["post-10822","post","type-post","status-publish","format-standard","hentry","category-sem-categoria","tag-nana-vasconcelos","tag-selo-ecm"],"_links":{"self":[{"href":"https:\/\/www.toque-musicall.com\/index.php?rest_route=\/wp\/v2\/posts\/10822","targetHints":{"allow":["GET"]}}],"collection":[{"href":"https:\/\/www.toque-musicall.com\/index.php?rest_route=\/wp\/v2\/posts"}],"about":[{"href":"https:\/\/www.toque-musicall.com\/index.php?rest_route=\/wp\/v2\/types\/post"}],"author":[{"embeddable":true,"href":"https:\/\/www.toque-musicall.com\/index.php?rest_route=\/wp\/v2\/users\/1"}],"replies":[{"embeddable":true,"href":"https:\/\/www.toque-musicall.com\/index.php?rest_route=%2Fwp%2Fv2%2Fcomments&post=10822"}],"version-history":[{"count":1,"href":"https:\/\/www.toque-musicall.com\/index.php?rest_route=\/wp\/v2\/posts\/10822\/revisions"}],"predecessor-version":[{"id":10823,"href":"https:\/\/www.toque-musicall.com\/index.php?rest_route=\/wp\/v2\/posts\/10822\/revisions\/10823"}],"wp:attachment":[{"href":"https:\/\/www.toque-musicall.com\/index.php?rest_route=%2Fwp%2Fv2%2Fmedia&parent=10822"}],"wp:term":[{"taxonomy":"category","embeddable":true,"href":"https:\/\/www.toque-musicall.com\/index.php?rest_route=%2Fwp%2Fv2%2Fcategories&post=10822"},{"taxonomy":"post_tag","embeddable":true,"href":"https:\/\/www.toque-musicall.com\/index.php?rest_route=%2Fwp%2Fv2%2Ftags&post=10822"}],"curies":[{"name":"wp","href":"https:\/\/api.w.org\/{rel}","templated":true}]}}