{"id":10830,"date":"2024-11-12T11:56:59","date_gmt":"2024-11-12T14:56:59","guid":{"rendered":"https:\/\/www.toque-musicall.com\/?p=10830"},"modified":"2024-11-20T12:00:10","modified_gmt":"2024-11-20T15:00:10","slug":"k-ximbinho-saudades-de-um-clarinete-1981","status":"publish","type":"post","link":"https:\/\/www.toque-musicall.com\/?p=10830","title":{"rendered":"K-Ximbinho &#8211; Saudades De Um Clarinete (1981)\u00a0"},"content":{"rendered":"\n<figure class=\"wp-block-image size-large\"><img decoding=\"async\" src=\"https:\/\/blogger.googleusercontent.com\/img\/b\/R29vZ2xl\/AVvXsEiNF2n7KZf4AodIvR-TYFyNHhfwSpl051E-7pd1o5OmEHInKI_xCCS-mWs7CY7f8diOJCgTynRa7Tlt_vy5m7bHcVyMCzoyLuJbt0ueD-92KbtfA-9uBSHcuxavRdCBn3vXuAwuoxA-wOmkuIboyCv3ih77cO613yZcQZhqAPEE9c7SjOUVjQoVkPlbC_w9\/w640-h624\/Capturar.JPG\" alt=\"\"\/><\/figure>\n\n\n\n<figure class=\"wp-block-image size-large\"><img decoding=\"async\" src=\"https:\/\/blogger.googleusercontent.com\/img\/b\/R29vZ2xl\/AVvXsEgeR30Su2f2bWkSL7jmL6bN4WxQvkW09Kytgpo5OUV6kMfeZn6cqcDkdZ15Vmu5i6C0gGZkg8qcC9xbxtVULhtLoe-AmIJOMf1s0Ufj2HEWqnJ_g3nloLSUxKnjIQzx-X53NWR9e1cUaLaCJllV2wdUjvgA_x2RA3OdZqiVqSzalTRG0t6fQqcDQdjX4wCg\/w640-h622\/Capturarb.JPG\" alt=\"\"\/><\/figure>\n\n\n<div class=\"separator\">Aqui um disco bem bacana de um dos grandes m\u00fasicos brasileiros, Sebasti\u00e3o de Barros, ou como se tornou conhecido, K-Ximbinho, instrumentista, compositor, arranjador e regente. Considerado como um dos mais originais instrumentistas de sua gera\u00e7\u00e3o, atuou tanto em orquestras populares como em regionais, grupos de choro e jazz. Este disco foi gravado no int\u00faito de ser o primeiro lan\u00e7amento de um selo\/gravadora independente idealizado por Chico Buarque, Paulinho da Viola, o pessoal do MPB-4, Fernando Faro e Toninho Morais. Por\u00e9m, conforme nos cona Alu\u00edzio Falc\u00e3o, no texto de contracapa, o projeto n\u00e3o vingou. A grava\u00e7\u00e3o acabou engavetada. Nesse meio tempo, K-Ximbinho veio a falecer. O projeto foi resgatado no ano seguinte e o disco acabou sa\u00edndo pelo selo Eldorado.<\/div>\n<div class=\"separator\">Sem d\u00favida, um trabalho maravilhoso de se ouvir. Quem n\u00e3o conhece, a gente recomenda&#8230;\u00a0<\/div>\n<div class=\"separator\">\u00a0<\/div>\n<div class=\"separator\">eu quero \u00e9 sossego<\/div>\n<div class=\"separator\">sempre<\/div>\n<div class=\"separator\">meiguice<\/div>\n<div class=\"separator\">t\u00f4 sempre a\u00ed<\/div>\n<div class=\"separator\">gilka<\/div>\n<div class=\"separator\">mais uma vez<\/div>\n<div class=\"separator\">velhos companheiros<\/div>\n<div class=\"separator\">penumbra<\/div>\n<div class=\"separator\">simoninha na barra<\/div>\n<div class=\"separator\">ternura<\/div>\n<div class=\"separator\">autoplagio<\/div>\n<div class=\"separator\">catita<\/div>\n<div class=\"separator\">\u00a0<\/div>\n<div class=\"separator\">\u00a0<\/div>\n<div class=\"separator\">.<\/div>\n<div class=\"separator\">\u00a0<\/div>\n<div class=\"separator\">\u00a0<\/div>\n<div class=\"separator\">\u00a0<\/div>","protected":false},"excerpt":{"rendered":"<p>Aqui um disco bem bacana de um dos grandes m\u00fasicos brasileiros, Sebasti\u00e3o de Barros, ou como se tornou conhecido, K-Ximbinho, instrumentista, compositor, arranjador e regente. Considerado como um dos mais originais instrumentistas de sua gera\u00e7\u00e3o, atuou tanto em orquestras populares &hellip; <a href=\"https:\/\/www.toque-musicall.com\/?p=10830\">Continue lendo <span class=\"meta-nav\">&rarr;<\/span><\/a><\/p>\n","protected":false},"author":1,"featured_media":0,"comment_status":"closed","ping_status":"closed","sticky":false,"template":"","format":"standard","meta":{"footnotes":""},"categories":[1],"tags":[4044,3221],"class_list":["post-10830","post","type-post","status-publish","format-standard","hentry","category-sem-categoria","tag-k-ximbinho","tag-selo-eldorado"],"_links":{"self":[{"href":"https:\/\/www.toque-musicall.com\/index.php?rest_route=\/wp\/v2\/posts\/10830","targetHints":{"allow":["GET"]}}],"collection":[{"href":"https:\/\/www.toque-musicall.com\/index.php?rest_route=\/wp\/v2\/posts"}],"about":[{"href":"https:\/\/www.toque-musicall.com\/index.php?rest_route=\/wp\/v2\/types\/post"}],"author":[{"embeddable":true,"href":"https:\/\/www.toque-musicall.com\/index.php?rest_route=\/wp\/v2\/users\/1"}],"replies":[{"embeddable":true,"href":"https:\/\/www.toque-musicall.com\/index.php?rest_route=%2Fwp%2Fv2%2Fcomments&post=10830"}],"version-history":[{"count":1,"href":"https:\/\/www.toque-musicall.com\/index.php?rest_route=\/wp\/v2\/posts\/10830\/revisions"}],"predecessor-version":[{"id":10831,"href":"https:\/\/www.toque-musicall.com\/index.php?rest_route=\/wp\/v2\/posts\/10830\/revisions\/10831"}],"wp:attachment":[{"href":"https:\/\/www.toque-musicall.com\/index.php?rest_route=%2Fwp%2Fv2%2Fmedia&parent=10830"}],"wp:term":[{"taxonomy":"category","embeddable":true,"href":"https:\/\/www.toque-musicall.com\/index.php?rest_route=%2Fwp%2Fv2%2Fcategories&post=10830"},{"taxonomy":"post_tag","embeddable":true,"href":"https:\/\/www.toque-musicall.com\/index.php?rest_route=%2Fwp%2Fv2%2Ftags&post=10830"}],"curies":[{"name":"wp","href":"https:\/\/api.w.org\/{rel}","templated":true}]}}