{"id":10837,"date":"2024-11-15T19:30:26","date_gmt":"2024-11-15T22:30:26","guid":{"rendered":"https:\/\/www.toque-musicall.com\/?p=10837"},"modified":"2024-11-27T19:33:06","modified_gmt":"2024-11-27T22:33:06","slug":"joao-de-barro-braguinha-claudio-santoro-premio-shell-para-a-musica-brasileira-1985","status":"publish","type":"post","link":"https:\/\/www.toque-musicall.com\/?p=10837","title":{"rendered":"Jo\u00e3o De Barro Braguinha &#8211; Claudio Santoro &#8211; Pr\u00eamio Shell Para A M\u00fasica Brasileira (1985)"},"content":{"rendered":"\n<figure class=\"wp-block-image size-large\"><img decoding=\"async\" src=\"https:\/\/blogger.googleusercontent.com\/img\/b\/R29vZ2xl\/AVvXsEgEB84M4u7LJo5S7PQhhH4AXhQ1rMIwWOhCHjlYj1hL3UUXfzZlSPmWjxvK5p3edlYAcYj-GwDXSQuZRMb__WPdMQX_NKfQg6JD950TVnhoUpmgEeOk0ZM-dXKMcKyGCNd7x1WMk9ALom_qeiPpXtAPQRRy1P1sdMCcTvqfMXzLBd4xeLLS1zAunIkUDSx1\/w640-h640\/capa.jpg\" alt=\"\"\/><\/figure>\n\n\n\n<figure class=\"wp-block-image size-large\"><img decoding=\"async\" src=\"https:\/\/blogger.googleusercontent.com\/img\/b\/R29vZ2xl\/AVvXsEi2rwrOGXDBOcWWeg2IWNAni8ZQTXUjNiBGHO5oj51AQY3UpUngU0Uj6Yjcf-Fdm6yKIu0YtphdOGKMzKjujWxhBY6roh3vmstBa-gaHFI3axaO-dTxEson3VMLrPj6oZwd_fSktpKXO3qu6OeDc_w_q_q8nXnbnIWn8WDRgrPe2_TduTPi_7wtqS6KJcDT\/w640-h640\/encarte%201.jpg\" alt=\"\"\/><\/figure>\n\n\n\n<figure class=\"wp-block-image size-large\"><img decoding=\"async\" src=\"https:\/\/blogger.googleusercontent.com\/img\/b\/R29vZ2xl\/AVvXsEhSmRLrL5x4_f7FPFjFYxChFvoTE0Mc-_xRvqEZvdkjOraEl47wZABEj6vXI2uXRbjLW6p1I5njw6j1XKBnX0IOe-5VRGx_OrkIqlD0n_vqElX2rx-h6lW8N6giOPReJIFdJ1-hkODteidkNhMOXddz0EzYibibNEWAFOZ6EO5QvKfLn5E79B_qu3uJSCPN\/w640-h640\/encarte%202.jpg\" alt=\"\"\/><\/figure>\n\n\n<div class=\"separator\">Desta vez temos um lp lan\u00e7ado de\u00a0Selo Kuarup. Disco esse sem finalidade comercial, pois se trata de um produto que faz parte do pacote Pr\u00eamio Shell de M\u00fas\u00edca, no ano de 1985. O Pr\u00eamio Shell \u00e9 um evento cultural patrocinado pela empresa Shell do Brasil. Criado em 1981, tem como finalidade premiar, incentivar e homenagear grandes artistas da m\u00fasica brasileira. A cada ano s\u00e3o escolhidos at\u00e9 dois artistas de destaque para essa homenagem. Neste, temos dois compositores importantes, um da m\u00fasica popular, o Braguinha, outro, Cl\u00e1udio Santoro representando a m\u00fasica erudita. No presente \u00e1lbum, temos para cada lado uma sele\u00e7\u00e3o com algumas de suas obras mais representativas. No caso, diferntes artistas e grava\u00e7\u00f5es que marcaram. Curiosidade que vale a pena ouvir \ud83d\ude42<\/div>\n<div class=\"separator\">\u00a0<\/div>\n<div class=\"separator\">balanc\u00ea &#8211; gal costa<\/div>\n<div class=\"separator\">copacabana &#8211; dick farney<\/div>\n<div class=\"separator\">pastorinhas &#8211; silvio caldas<\/div>\n<div class=\"separator\">anda luzia &#8211; maria bethania<\/div>\n<div class=\"separator\">cantoras do r\u00e1dio &#8211; aurora e carmem miranda<\/div>\n<div class=\"separator\">pirata da perna de pau &#8211; nuno rolland<\/div>\n<div class=\"separator\">touradas de madri &#8211; almirante<\/div>\n<div class=\"separator\">primavera no rio &#8211; dalva de oliveira<\/div>\n<div class=\"separator\">carinhoso &#8211; elis regina<\/div>\n<div class=\"separator\">cinco prel\u00fadios de amor &#8211; aldo baldin e lilian barreto<\/div>\n<div class=\"separator\">quatro prel\u00fadios para piano &#8211; lilian barreto<\/div>\n<div class=\"separator\">ponteio &#8211; orquestra sinf\u00f4nica de moscou (regida pelo autor)<\/div>\n<div class=\"separator\">\u00a0<\/div>\n<div class=\"separator\">\u00a0<\/div>\n<div class=\"separator\">.<\/div>","protected":false},"excerpt":{"rendered":"<p>Desta vez temos um lp lan\u00e7ado de\u00a0Selo Kuarup. Disco esse sem finalidade comercial, pois se trata de um produto que faz parte do pacote Pr\u00eamio Shell de M\u00fas\u00edca, no ano de 1985. O Pr\u00eamio Shell \u00e9 um evento cultural patrocinado &hellip; <a href=\"https:\/\/www.toque-musicall.com\/?p=10837\">Continue lendo <span class=\"meta-nav\">&rarr;<\/span><\/a><\/p>\n","protected":false},"author":1,"featured_media":0,"comment_status":"closed","ping_status":"closed","sticky":false,"template":"","format":"standard","meta":{"footnotes":""},"categories":[1],"tags":[5833,5835,5834,3496],"class_list":["post-10837","post","type-post","status-publish","format-standard","hentry","category-sem-categoria","tag-braguinha","tag-claudo-santoro","tag-joao-de-barro","tag-selo-kuarup"],"_links":{"self":[{"href":"https:\/\/www.toque-musicall.com\/index.php?rest_route=\/wp\/v2\/posts\/10837","targetHints":{"allow":["GET"]}}],"collection":[{"href":"https:\/\/www.toque-musicall.com\/index.php?rest_route=\/wp\/v2\/posts"}],"about":[{"href":"https:\/\/www.toque-musicall.com\/index.php?rest_route=\/wp\/v2\/types\/post"}],"author":[{"embeddable":true,"href":"https:\/\/www.toque-musicall.com\/index.php?rest_route=\/wp\/v2\/users\/1"}],"replies":[{"embeddable":true,"href":"https:\/\/www.toque-musicall.com\/index.php?rest_route=%2Fwp%2Fv2%2Fcomments&post=10837"}],"version-history":[{"count":1,"href":"https:\/\/www.toque-musicall.com\/index.php?rest_route=\/wp\/v2\/posts\/10837\/revisions"}],"predecessor-version":[{"id":10838,"href":"https:\/\/www.toque-musicall.com\/index.php?rest_route=\/wp\/v2\/posts\/10837\/revisions\/10838"}],"wp:attachment":[{"href":"https:\/\/www.toque-musicall.com\/index.php?rest_route=%2Fwp%2Fv2%2Fmedia&parent=10837"}],"wp:term":[{"taxonomy":"category","embeddable":true,"href":"https:\/\/www.toque-musicall.com\/index.php?rest_route=%2Fwp%2Fv2%2Fcategories&post=10837"},{"taxonomy":"post_tag","embeddable":true,"href":"https:\/\/www.toque-musicall.com\/index.php?rest_route=%2Fwp%2Fv2%2Ftags&post=10837"}],"curies":[{"name":"wp","href":"https:\/\/api.w.org\/{rel}","templated":true}]}}