{"id":10847,"date":"2024-11-19T21:02:33","date_gmt":"2024-11-20T00:02:33","guid":{"rendered":"https:\/\/www.toque-musicall.com\/?p=10847"},"modified":"2024-12-01T21:05:15","modified_gmt":"2024-12-02T00:05:15","slug":"radames-aida-e-sandoval-brasiliana-7-e-8-1958","status":"publish","type":"post","link":"https:\/\/www.toque-musicall.com\/?p=10847","title":{"rendered":"Radam\u00e9s Aida E Sandoval &#8211; Brasiliana 7 E 8 (1958)"},"content":{"rendered":"\n<figure class=\"wp-block-image size-large\"><img decoding=\"async\" src=\"https:\/\/blogger.googleusercontent.com\/img\/b\/R29vZ2xl\/AVvXsEiDV_22puol9VtvMHBG8vrnEf5XIFgAU0Va6j_q0t-0jT9-lgbQFY4I3WUDrQL5HPFK4-fDaQu47zc0u-50lsHbREA24BYwuMyR_Z0WM9K9DNf8a47qafZ4X0zL5hG5MWf6hqdHT_2VvVhtW1uvX8n6QgTK61k6t0nNvZ9xcZKkZdew8rCWZyZEngCQkf9j\/w640-h628\/capa.jpg\" alt=\"\"\/><\/figure>\n\n\n\n<figure class=\"wp-block-image size-large\"><img decoding=\"async\" src=\"https:\/\/blogger.googleusercontent.com\/img\/b\/R29vZ2xl\/AVvXsEi30wS0R4yTrIETmItkzm-QJaSSqLCLSf5qGxnjP8hLh2-_5_CU0OjfJEKX0zxq9Hwr6hsv73Tru_WfVlgXvWyJid170oDOGxld2rcul6iqRoSiO5MBkrQt03pFuoH2yztzPG2RAVpeOtwiV3AyKxvVKYGQw39VlEiTULSILyQlT0egMzNCUMZIGntFPE3i\/w640-h628\/contra.jpg\" alt=\"\"\/><\/figure>\n\n\n<div class=\"separator\">Eis aqui um lp, de dez polegadas, que merece toda a nossa aten\u00e7\u00e3o. Radam\u00e9s Gnattali, sua irm\u00e3, pianista e professora Aida Gnattali e o saxofonista Sandoval Dias, um momento que \u00e9 tamb\u00e9m hist\u00f3rico na m\u00fasica brasileira. Aqui, Radam\u00e9s nos apresenta a s\u00e9rie &#8220;Brasiliana N\u00ba 7 e 8&#8221; com pe\u00e7as para piano e saxofone. Como se pode ver, na contracapa, h\u00e1 toda informa\u00e7\u00e3o necess\u00e1ria sobre este disco.\u00a0 Simplesmente maravilhoso e por certo, merecedor de uma reedi\u00e7\u00e3o em cd em 1998, ou seja, 40 anos depois. Para quem necessida da obra material, ainda \u00e9 poss\u00edvel encontrar a ves\u00e3o em cd.<\/div>\n<div class=\"separator\">\u00a0<\/div>\n<div class=\"separator\">varia\u00e7\u00f5es sobre um tema de viola<\/div>\n<div class=\"separator\">samba can\u00e7\u00e3o<\/div>\n<div class=\"separator\">choro<\/div>\n<div class=\"separator\">schottish<\/div>\n<div class=\"separator\">valsa<\/div>\n<div class=\"separator\">choro<\/div>\n<div class=\"separator\">\u00a0<\/div>\n<div class=\"separator\">.<\/div>\n<div class=\"separator\">\u00a0<\/div>","protected":false},"excerpt":{"rendered":"<p>Eis aqui um lp, de dez polegadas, que merece toda a nossa aten\u00e7\u00e3o. Radam\u00e9s Gnattali, sua irm\u00e3, pianista e professora Aida Gnattali e o saxofonista Sandoval Dias, um momento que \u00e9 tamb\u00e9m hist\u00f3rico na m\u00fasica brasileira. Aqui, Radam\u00e9s nos apresenta &hellip; <a href=\"https:\/\/www.toque-musicall.com\/?p=10847\">Continue lendo <span class=\"meta-nav\">&rarr;<\/span><\/a><\/p>\n","protected":false},"author":1,"featured_media":0,"comment_status":"closed","ping_status":"closed","sticky":false,"template":"","format":"standard","meta":{"footnotes":""},"categories":[1],"tags":[5838,4764,5233,4752],"class_list":["post-10847","post","type-post","status-publish","format-standard","hentry","category-sem-categoria","tag-aida-gnattali","tag-radames-gnattali","tag-sandoval-dias","tag-selo-todamerica"],"_links":{"self":[{"href":"https:\/\/www.toque-musicall.com\/index.php?rest_route=\/wp\/v2\/posts\/10847","targetHints":{"allow":["GET"]}}],"collection":[{"href":"https:\/\/www.toque-musicall.com\/index.php?rest_route=\/wp\/v2\/posts"}],"about":[{"href":"https:\/\/www.toque-musicall.com\/index.php?rest_route=\/wp\/v2\/types\/post"}],"author":[{"embeddable":true,"href":"https:\/\/www.toque-musicall.com\/index.php?rest_route=\/wp\/v2\/users\/1"}],"replies":[{"embeddable":true,"href":"https:\/\/www.toque-musicall.com\/index.php?rest_route=%2Fwp%2Fv2%2Fcomments&post=10847"}],"version-history":[{"count":1,"href":"https:\/\/www.toque-musicall.com\/index.php?rest_route=\/wp\/v2\/posts\/10847\/revisions"}],"predecessor-version":[{"id":10848,"href":"https:\/\/www.toque-musicall.com\/index.php?rest_route=\/wp\/v2\/posts\/10847\/revisions\/10848"}],"wp:attachment":[{"href":"https:\/\/www.toque-musicall.com\/index.php?rest_route=%2Fwp%2Fv2%2Fmedia&parent=10847"}],"wp:term":[{"taxonomy":"category","embeddable":true,"href":"https:\/\/www.toque-musicall.com\/index.php?rest_route=%2Fwp%2Fv2%2Fcategories&post=10847"},{"taxonomy":"post_tag","embeddable":true,"href":"https:\/\/www.toque-musicall.com\/index.php?rest_route=%2Fwp%2Fv2%2Ftags&post=10847"}],"curies":[{"name":"wp","href":"https:\/\/api.w.org\/{rel}","templated":true}]}}