{"id":1085,"date":"2009-09-15T09:35:00","date_gmt":"2009-09-15T09:35:00","guid":{"rendered":"http:\/\/www.toque-musicall.com\/?p=1085"},"modified":"2009-09-15T09:35:00","modified_gmt":"2009-09-15T09:35:00","slug":"morte-e-vida-severina-trilha-sonora-do-filme-1977","status":"publish","type":"post","link":"https:\/\/www.toque-musicall.com\/?p=1085","title":{"rendered":"Morte E Vida Severina &#8211; Trilha Sonora Do Filme (1977)"},"content":{"rendered":"<p><a href=\"http:\/\/1.bp.blogspot.com\/_DSKVEvHtskc\/Sq9g02fovjI\/AAAAAAAAFWk\/wHrDZbhLYO8\/s1600-h\/mvs+P.JPG\"><img decoding=\"async\" style=\"display:block; margin:0px auto 10px; text-align:center;cursor:pointer; cursor:hand;width: 400px; height: 396px;\" src=\"http:\/\/1.bp.blogspot.com\/_DSKVEvHtskc\/Sq9g02fovjI\/AAAAAAAAFWk\/wHrDZbhLYO8\/s400\/mvs+P.JPG\" border=\"0\" alt=\"\" id=\"BLOGGER_PHOTO_ID_5381626540828704306\" \/><\/a>Bom dia! Ontem pela, primeira vez, tive tempo e paci\u00eancia para conhecer melhor os meus contadores de visita e estat\u00edsticas. Tenho tr\u00eas contadores no blog, sendo um deles oculto, o da Google. E justamente este, o mais completo, eu nunca havia investido, nem sabia como funciona. Mas quem tem amigo n\u00e3o morre pag\u00e3o. Com uma pequena ajuda dos amigos, eu vou aos poucos ampliando meus conhecimentos sobre as ferramentas que disponho no blog. Que maravilha! Agora consigo localizar de onde vem os acessos e at\u00e9 j\u00e1 consigo ver os amigos ocultos. Mas o melhor foi saber de onde vem as pedras. Agora ficou mais claro&#8230; quem diria&#8230; Fico aqui pensando apenas numa coisa, como \u00e9 estranha a natureza humana. S\u00f3 isso&#8230;<\/p>\n<div>Vamos agora falar do disco do dia. Hoje temos aqui a trilha sonora original do filme de Zelito Viana, &#8220;Morte e Vida Severino&#8221;, de 1977, baseado no livro de Jo\u00e3o Cabral de Melo Neto. Este texto\/poema se tornaria um cl\u00e1ssico a partir dos anos 60 quando foi levado para o palco. Chico Buarque de Holanda musicou alguns dos poemas do livro. Na vers\u00e3o cinematogr\u00e1fica, veio nos anos 70 este filme do diretor Zelito Viana. A trilha sonora \u00e9 de Airton Barbosa, um dos integrantes do Quinteto Villa-Lobos. A m\u00fasica de Chico tamb\u00e9m est\u00e1 presente. Participam do \u00e1lbum os mesmos int\u00e9rpretes do filme, as cantoras-atrizes Elba Ramalho e T\u00e2nia Alves, os atores Jofre Soares, Stenio Garcia, Jos\u00e9 Dumont e o pr\u00f3prio diretor. Tamb\u00e9m est\u00e3o presentes m\u00fasicos como Geraldo Azevedo e K\u00e1tia de Fran\u00e7a, entre outros&#8230; O resultado em disco n\u00e3o podia melhor tendo ainda a dire\u00e7\u00e3o art\u00edstica de Marcus Vinicius e a produ\u00e7\u00e3o de Marcus Pereira. Muito bom! Confiram a\u00ed&#8230;<\/div>\n<div><\/div>\n<div style=\"text-align: center;\">de sua formosura<\/div>\n<div style=\"text-align: center;\">severino &#8211; o rio &#8211; not\u00edcias do sert\u00e3o<\/div>\n<div style=\"text-align: center;\">mulher na janela<\/div>\n<div style=\"text-align: center;\">homens de pedra<\/div>\n<div style=\"text-align: center;\">todo o c\u00e9u e a terra<\/div>\n<div style=\"text-align: center;\">encontro com o canavial<\/div>\n<div style=\"text-align: center;\">funeral de um lavrador<\/div>\n<div style=\"text-align: center;\">chegada ao recife<\/div>\n<div style=\"text-align: center;\">as ciganas<\/div>\n<div style=\"text-align: center;\">despedida do agreste<\/div>\n<div style=\"text-align: center;\">o outro recife<\/div>\n<div style=\"text-align: center;\">fala do mestre carpina<\/div>\n<div style=\"text-align: center;\"><\/div>\n<div style=\"text-align: center;\"><\/div>\n","protected":false},"excerpt":{"rendered":"<p>Bom dia! Ontem pela, primeira vez, tive tempo e paci\u00eancia para conhecer melhor os meus contadores de visita e estat\u00edsticas. Tenho tr\u00eas contadores no blog, sendo um deles oculto, o da Google. E justamente este, o mais completo, eu nunca &hellip; <a href=\"https:\/\/www.toque-musicall.com\/?p=1085\">Continue lendo <span class=\"meta-nav\">&rarr;<\/span><\/a><\/p>\n","protected":false},"author":1,"featured_media":0,"comment_status":"open","ping_status":"closed","sticky":false,"template":"","format":"standard","meta":{"footnotes":""},"categories":[776,346],"tags":[],"class_list":["post-1085","post","type-post","status-publish","format-standard","hentry","category-morte-e-vida-severina","category-trilhas"],"_links":{"self":[{"href":"https:\/\/www.toque-musicall.com\/index.php?rest_route=\/wp\/v2\/posts\/1085","targetHints":{"allow":["GET"]}}],"collection":[{"href":"https:\/\/www.toque-musicall.com\/index.php?rest_route=\/wp\/v2\/posts"}],"about":[{"href":"https:\/\/www.toque-musicall.com\/index.php?rest_route=\/wp\/v2\/types\/post"}],"author":[{"embeddable":true,"href":"https:\/\/www.toque-musicall.com\/index.php?rest_route=\/wp\/v2\/users\/1"}],"replies":[{"embeddable":true,"href":"https:\/\/www.toque-musicall.com\/index.php?rest_route=%2Fwp%2Fv2%2Fcomments&post=1085"}],"version-history":[{"count":0,"href":"https:\/\/www.toque-musicall.com\/index.php?rest_route=\/wp\/v2\/posts\/1085\/revisions"}],"wp:attachment":[{"href":"https:\/\/www.toque-musicall.com\/index.php?rest_route=%2Fwp%2Fv2%2Fmedia&parent=1085"}],"wp:term":[{"taxonomy":"category","embeddable":true,"href":"https:\/\/www.toque-musicall.com\/index.php?rest_route=%2Fwp%2Fv2%2Fcategories&post=1085"},{"taxonomy":"post_tag","embeddable":true,"href":"https:\/\/www.toque-musicall.com\/index.php?rest_route=%2Fwp%2Fv2%2Ftags&post=1085"}],"curies":[{"name":"wp","href":"https:\/\/api.w.org\/{rel}","templated":true}]}}