{"id":10851,"date":"2024-11-22T20:14:26","date_gmt":"2024-11-22T23:14:26","guid":{"rendered":"https:\/\/www.toque-musicall.com\/?p=10851"},"modified":"2024-12-04T20:16:22","modified_gmt":"2024-12-04T23:16:22","slug":"nalva-aguiar-foi-bom-voce-chegar-1973","status":"publish","type":"post","link":"https:\/\/www.toque-musicall.com\/?p=10851","title":{"rendered":"Nalva Aguiar &#8211; Foi Bom Voce Chegar (1973)"},"content":{"rendered":"\n<figure class=\"wp-block-image size-large\"><img decoding=\"async\" src=\"https:\/\/blogger.googleusercontent.com\/img\/b\/R29vZ2xl\/AVvXsEjJLDw_xHigp-_vg1Lkdns8KEzHF6MgCiBRFjXufnOZ1YAWK5zVe38faO92ZsRcSrWb83SXM43UkkWbUSK5-arg94KR7XHNudbgFURLPoNreQzUlKx7qc8QLRul0H4uBOyx99nN3secgj-Gw7Gx6kQtTdqr8XMjey0waNIZILVUTAXNmZI1xTNO-nr9hSHP\/w618-h640\/capa.JPG\" alt=\"\"\/><\/figure>\n\n\n\n<figure class=\"wp-block-image size-large\"><img decoding=\"async\" src=\"https:\/\/blogger.googleusercontent.com\/img\/b\/R29vZ2xl\/AVvXsEhx9a36Q_giUQEwnfu_xzG4sKURz3-xLOI4RCTyvB5ST3UvQ1js2Knv1TQXInlPHRAuAOlCbeIP_epy2G01-8Y1e3Y2oDoSJ8J3rGD14aK4jKUIfhj8grQbv0nUXJ_ja3Mti_Fj-tWHs657m1ZwiZu3GZVszsPl3BfQiZFvZiMCD2iE0NSn06hHvOajYKEp\/w616-h640\/contra.JPG\" alt=\"\"\/><\/figure>\n\n\n<div class=\"separator\">Vamos hoje com a cantora Nalva Aguiar. J\u00e1 apresentamos ela aqui no Toque Musical, em resenha do nosso saudoso Samuca. E a ele nos recorremos, replicando parte do seu texto na primeira postagem:<\/div>\n<div class=\"separator\"><i>O TM p\u00f5e hoje em foco uma cantora surgida nos tempos da Jovem Guarda, que, a exemplo de S\u00e9rgio Reis, abrigou-se entre os int\u00e9rpretes de m\u00fasica sertaneja. Trata-se de Nalva de F\u00e1tima Aguiar, mineira de Tupaciguara, nascida em 9 de outubro de 1945, e carinhosamente conhecida como rainha das festas de pe\u00e3o de boiadeiro, t\u00edtulo que ganhou por cinco vezes. Filha de um alfaiate que tornou-se dono de hotel, Nalva sonhava em ser cantora desde muito pequena, e com sete anos j\u00e1 estudava acorde\u00e3o, instrumento do qual tornou-se mais tarde professora. Um pouco mais tarde, passou a cantar em festas e r\u00e1dios do Tri\u00e2ngulo Mineiro, e na TV Tri\u00e2ngulo de Uberl\u00e2ndia . Na primeira metade dos anos 1960, participou de um disco da dupla N\u00edzio e Nestor. Em 1966, atra\u00edda pela Jovem Guarda, mudou-se para S\u00e3o Paulo e gravou seu primeiro disco, um compacto simples com as m\u00fasicas \u201cGarota diferente\u201d e \u201c\u00c9 o amor\u201d. Um ano depois, representou Minas Gerais em um concurso da lend\u00e1ria R\u00e1dio Nacional do Rio, interpretando, em ingl\u00eas, o cl\u00e1ssico country \u201cJambalaya\u201d. Atuou ainda no cinema, em filmes como \u201cAdor\u00e1vel trapalh\u00e3o\u201d, \u201cDois mil anos de confus\u00e3o\u201d e \u201cO conto do vig\u00e1rio\u201d. Em 1971, gravou seu primeiro LP, \u201cNalva\u201d, fazendo sucesso com \u201cJos\u00e9 (Joseph)\u201d, do franc\u00eas Georges Moustaki em vers\u00e3o de Nara Le\u00e3o, j\u00e1 gravada antes por Rita Lee. Em meados da d\u00e9cada de 1970, passou a dedicar-se \u00e0 m\u00fasica sertaneja, lan\u00e7ando, em 1975, um compacto simples com \u201cBeijinho doce\u201d, de Nh\u00f4 Pai, regrava\u00e7\u00e3o de um antigo sucesso das Irm\u00e3s Castro, que interpretara no filme \u201cO conto do vig\u00e1rio\u201d, e vendendo mais de 500 mil c\u00f3pias. Tornou-se uma das mais importantes figuras femininas da m\u00fasica sertaneja, e \u00e9 pioneira do g\u00eanero. Nos anos 90, afastou-se das grava\u00e7\u00f5es, tendo morado durante longo per\u00edodo na Am\u00e9rica do Note, entre o Canad\u00e1 e os EUA, onde recebeu o t\u00edtulo de \u201cRainha da M\u00fasica Country no Brasil\u201d. Voltou ao disco em 1999, lan\u00e7ando um CD com participa\u00e7\u00f5es especiais de Chit\u00e3ozinho e Xoror\u00f3, Ivan Lins, S\u00e9rgio Reis e do locutor de rodeios Barra Mansa. Em 2010, foi uma das\u00a0<a href=\"https:\/\/www.blogger.com\/null\" name=\"_GoBack\"><\/a>convidadas de Roberto Carlos para o especial de TV \u201cEmo\u00e7\u00f5es sertanejas\u201d, lan\u00e7ado depois em CD duplo.<\/i><\/div>\n<div class=\"separator\">E desta vez trazemos o seu segundo lp, lan\u00e7ado CBS, atrav\u00e9s do selo Epic, em 1973. Uma produ\u00e7\u00e3o art\u00edstica de Mauro Motta, na qual Nalva Aguiar nos apresenta um repert\u00f3rio romantico-pop-sertanejo fortemente influenciado pela m\u00fasica country americana.<\/div>\n<div class=\"separator\">\u00a0<\/div>\n<div class=\"separator\">terminou tudo assim<\/div>\n<div class=\"separator\">que vai ser do meu futuro sem voc\u00ea<\/div>\n<div class=\"separator\">\u00e9 sempre assim<\/div>\n<div class=\"separator\">o fim do amor<\/div>\n<div class=\"separator\">foi bom voc\u00ea chegar<\/div>\n<div class=\"separator\">isso sim \u00e9 amor<\/div>\n<div class=\"separator\">quero que volte<\/div>\n<div class=\"separator\">n\u00e3o me interessa mais voc\u00ea<\/div>\n<div class=\"separator\">mais uma vez vou te perder<\/div>\n<div class=\"separator\">todos dizem que mudei<\/div>\n<div class=\"separator\">minha vida sem voc\u00ea<\/div>\n<div class=\"separator\">se eu pudesse<\/div>\n<div class=\"separator\">\u00a0<\/div>\n<div class=\"separator\">\u00a0<\/div>\n<div class=\"separator\">.<\/div>","protected":false},"excerpt":{"rendered":"<p>Vamos hoje com a cantora Nalva Aguiar. J\u00e1 apresentamos ela aqui no Toque Musical, em resenha do nosso saudoso Samuca. E a ele nos recorremos, replicando parte do seu texto na primeira postagem: O TM p\u00f5e hoje em foco uma &hellip; <a href=\"https:\/\/www.toque-musicall.com\/?p=10851\">Continue lendo <span class=\"meta-nav\">&rarr;<\/span><\/a><\/p>\n","protected":false},"author":1,"featured_media":0,"comment_status":"closed","ping_status":"closed","sticky":false,"template":"","format":"standard","meta":{"footnotes":""},"categories":[1],"tags":[5839,3583],"class_list":["post-10851","post","type-post","status-publish","format-standard","hentry","category-sem-categoria","tag-nalva-aguiar","tag-selo-epic"],"_links":{"self":[{"href":"https:\/\/www.toque-musicall.com\/index.php?rest_route=\/wp\/v2\/posts\/10851","targetHints":{"allow":["GET"]}}],"collection":[{"href":"https:\/\/www.toque-musicall.com\/index.php?rest_route=\/wp\/v2\/posts"}],"about":[{"href":"https:\/\/www.toque-musicall.com\/index.php?rest_route=\/wp\/v2\/types\/post"}],"author":[{"embeddable":true,"href":"https:\/\/www.toque-musicall.com\/index.php?rest_route=\/wp\/v2\/users\/1"}],"replies":[{"embeddable":true,"href":"https:\/\/www.toque-musicall.com\/index.php?rest_route=%2Fwp%2Fv2%2Fcomments&post=10851"}],"version-history":[{"count":1,"href":"https:\/\/www.toque-musicall.com\/index.php?rest_route=\/wp\/v2\/posts\/10851\/revisions"}],"predecessor-version":[{"id":10852,"href":"https:\/\/www.toque-musicall.com\/index.php?rest_route=\/wp\/v2\/posts\/10851\/revisions\/10852"}],"wp:attachment":[{"href":"https:\/\/www.toque-musicall.com\/index.php?rest_route=%2Fwp%2Fv2%2Fmedia&parent=10851"}],"wp:term":[{"taxonomy":"category","embeddable":true,"href":"https:\/\/www.toque-musicall.com\/index.php?rest_route=%2Fwp%2Fv2%2Fcategories&post=10851"},{"taxonomy":"post_tag","embeddable":true,"href":"https:\/\/www.toque-musicall.com\/index.php?rest_route=%2Fwp%2Fv2%2Ftags&post=10851"}],"curies":[{"name":"wp","href":"https:\/\/api.w.org\/{rel}","templated":true}]}}