{"id":1086,"date":"2009-09-14T09:47:00","date_gmt":"2009-09-14T09:47:00","guid":{"rendered":"http:\/\/www.toque-musicall.com\/?p=1086"},"modified":"2009-09-14T09:47:00","modified_gmt":"2009-09-14T09:47:00","slug":"eles-comecaram-assim-1978","status":"publish","type":"post","link":"https:\/\/www.toque-musicall.com\/?p=1086","title":{"rendered":"Eles Come\u00e7aram Assim&#8230; (1978)"},"content":{"rendered":"<p><a href=\"http:\/\/4.bp.blogspot.com\/_DSKVEvHtskc\/Sq4UXiDN3nI\/AAAAAAAAFWY\/5sMd97J09zM\/s1600-h\/Eles+P.JPG\"><img decoding=\"async\" alt=\"\" border=\"0\" id=\"BLOGGER_PHOTO_ID_5381260999264165490\" src=\"http:\/\/4.bp.blogspot.com\/_DSKVEvHtskc\/Sq4UXiDN3nI\/AAAAAAAAFWY\/5sMd97J09zM\/s400\/Eles+P.JPG\" style=\"cursor: hand; cursor: pointer; display: block; height: 398px; margin: 0px auto 10px; text-align: center; width: 400px;\" \/><\/a>Bom dia a todos os visitantes cultos e ocultos. Inicialmente eu quero agradecer aos amigos pelo carinho e aten\u00e7\u00e3o na passagem do meu anivers\u00e1rio. Sei que falar de anivers\u00e1rio n\u00e3o acrescenta nada de objetivo ao Toque Musical e para a maioria isso \u00e9 irrelevante ou at\u00e9 sem sentido. N\u00e3o deveria caber \u00e0 um blog musical quest\u00f5es como essa, n\u00e3o fosse ele antes de tudo um espa\u00e7o pessoal (ao qual se permite o acesso p\u00fablico). Como autor do blog, me dou ao direito de fazer dele o que eu quiser, desde que isso n\u00e3o v\u00e1 contra a moral, a dignidade e o respeito pelo outros. O que eu expresso aqui \u00e9 apenas a minha vis\u00e3o pessoal. Por faz\u00ea-lo p\u00fablico, me exponho e inevitavelmente vou de encontro a todo tipo de sorte. H\u00e1 os que participam, colaborando de uma forma ou de outra. H\u00e1 os que criticam e os que crititicam. H\u00e1 amigos cultos &#038; ocultos e os inimigos tamb\u00e9m. Mas independente das minhas &#8216;babaquices textuais&#8217;, estou aqui diariamente levando a voc\u00eas alguma coisa boa, que s\u00e3o os discos e a m\u00fasica. Compartilho com todos o que tenho de bom, porque o ruim ou mal \u00e9 f\u00e1cil de fazer. Destruir \u00e9 mais f\u00e1cil que ajudar a construir, imagina construir sozinho&#8230; Acho que nem preciso explicar melhor os motivos desta introdu\u00e7\u00e3o. Quem frequenta o Toque Musical diariamente sabe do que eu estou falando.<\/p>\n<div>Para n\u00e3o render muito assunto, vamos ao que interessa&#8230; O disco de hoje \u00e9 uma colet\u00e2nea que merece a nossa aten\u00e7\u00e3o. Faz parte de uma s\u00e9rie criada pela Continental, nos anos 70, chamada &#8220;Eles come\u00e7aram assim&#8230;&#8221; Segundo o texto da contracapa, a s\u00e9rie foi criada com a inten\u00e7\u00e3o de ser mais que uma simples colet\u00e2nea para atrair p\u00fablico. A ideia seria a de apresentar alguns de seus artistas logo em inicio de carreira ou seus primeiros trabalhos por esse selo. O presente \u00e1lbum seria o de n\u00famero 22. Confesso que n\u00e3o me lembro de outros volumes e nunca os vi. Imagino que deve ter sido uma bela e rica cole\u00e7\u00e3o, considerando o vasto mundo de artistas da gravadora e tamb\u00e9m por essa numera\u00e7\u00e3o. Se algu\u00e9m a\u00ed tiver outros volumes, pode mandar&#8230; Pela capa do que temos j\u00e1 d\u00e1 para saber quem est\u00e1 neste disco, mesmo assim, confiram o que eles cantam:<\/div>\n<div><\/div>\n<div style=\"text-align: center;\">olha a baiana &#8211; orlando silva<\/div>\n<div style=\"text-align: center;\">agora pode chorar &#8211; adoniran barbosa<\/div>\n<div style=\"text-align: center;\">pode ser? &#8211; isaura garcia<\/div>\n<div style=\"text-align: center;\">seu lib\u00f3rio &#8211; vassourinha<\/div>\n<div style=\"text-align: center;\">treme-treme &#8211; jacob do bandolin<\/div>\n<div style=\"text-align: center;\">tambor \u00edndio &#8211; \u00edndios tabajara<\/div>\n<div style=\"text-align: center;\">n\u00e3o diga n\u00e3o &#8211; tito madi<\/div>\n<div style=\"text-align: center;\">d\u00favida &#8211; luiz bonf\u00e1 e tom jobim<\/div>\n<div style=\"text-align: center;\">d\u00e1 sorte &#8211; elis regina<\/div>\n<div style=\"text-align: center;\">mas, que nada &#8211; z\u00e9 maria e seu conjunto com jorge ben<\/div>\n<div style=\"text-align: center;\">final- benito di paula<\/div>\n<div style=\"text-align: center;\">nhem, nhem, nhem &#8211; martinho da vila<\/div>\n<div style=\"text-align: center;\"><\/div>\n<div style=\"text-align: center;\"><\/div>\n","protected":false},"excerpt":{"rendered":"<p>Bom dia a todos os visitantes cultos e ocultos. Inicialmente eu quero agradecer aos amigos pelo carinho e aten\u00e7\u00e3o na passagem do meu anivers\u00e1rio. Sei que falar de anivers\u00e1rio n\u00e3o acrescenta nada de objetivo ao Toque Musical e para a &hellip; <a href=\"https:\/\/www.toque-musicall.com\/?p=1086\">Continue lendo <span class=\"meta-nav\">&rarr;<\/span><\/a><\/p>\n","protected":false},"author":1,"featured_media":0,"comment_status":"open","ping_status":"closed","sticky":false,"template":"","format":"standard","meta":{"footnotes":""},"categories":[135,690,1377,52,713,359,583,85,1376,40,89],"tags":[],"class_list":["post-1086","post","type-post","status-publish","format-standard","hentry","category-antonio-carlos-jobim","category-benito-di-paula","category-eles-comecaram-assim","category-elis-regina","category-isaura-garcia","category-jacob-do-bandolim","category-jorge-ben","category-orlando-silva","category-os-indios-tabajara","category-selo-continental","category-tito-madi"],"_links":{"self":[{"href":"https:\/\/www.toque-musicall.com\/index.php?rest_route=\/wp\/v2\/posts\/1086","targetHints":{"allow":["GET"]}}],"collection":[{"href":"https:\/\/www.toque-musicall.com\/index.php?rest_route=\/wp\/v2\/posts"}],"about":[{"href":"https:\/\/www.toque-musicall.com\/index.php?rest_route=\/wp\/v2\/types\/post"}],"author":[{"embeddable":true,"href":"https:\/\/www.toque-musicall.com\/index.php?rest_route=\/wp\/v2\/users\/1"}],"replies":[{"embeddable":true,"href":"https:\/\/www.toque-musicall.com\/index.php?rest_route=%2Fwp%2Fv2%2Fcomments&post=1086"}],"version-history":[{"count":0,"href":"https:\/\/www.toque-musicall.com\/index.php?rest_route=\/wp\/v2\/posts\/1086\/revisions"}],"wp:attachment":[{"href":"https:\/\/www.toque-musicall.com\/index.php?rest_route=%2Fwp%2Fv2%2Fmedia&parent=1086"}],"wp:term":[{"taxonomy":"category","embeddable":true,"href":"https:\/\/www.toque-musicall.com\/index.php?rest_route=%2Fwp%2Fv2%2Fcategories&post=1086"},{"taxonomy":"post_tag","embeddable":true,"href":"https:\/\/www.toque-musicall.com\/index.php?rest_route=%2Fwp%2Fv2%2Ftags&post=1086"}],"curies":[{"name":"wp","href":"https:\/\/api.w.org\/{rel}","templated":true}]}}