{"id":10860,"date":"2024-11-26T21:03:22","date_gmt":"2024-11-27T00:03:22","guid":{"rendered":"https:\/\/www.toque-musicall.com\/?p=10860"},"modified":"2024-12-09T21:05:22","modified_gmt":"2024-12-10T00:05:22","slug":"sylvio-vianna-mil-e-uma-noites-1959","status":"publish","type":"post","link":"https:\/\/www.toque-musicall.com\/?p=10860","title":{"rendered":"Sylvio Vianna &#8211; Mil e Uma Noites (1959)"},"content":{"rendered":"\n<figure class=\"wp-block-image size-large\"><img decoding=\"async\" src=\"https:\/\/blogger.googleusercontent.com\/img\/b\/R29vZ2xl\/AVvXsEh5Sf5kQebwL6-UdQI2VOx8TdzkHSE6VDgtfBU1xalKXXLBPQf_pS-llaMpoGRdMu_yZuYBko7PDoOw79OBz_wASyx6_CJFq-LqcVjyZIuE19wIgdfLlDndqcNwNWoDA_dSI84iOCGQbdhLJprBdy2sKOXh7JCRyde5QqbgsyciCxAZw1_Wqp33LBRDLs1o\/w640-h628\/capa.jpg\" alt=\"\"\/><\/figure>\n\n\n\n<figure class=\"wp-block-image size-large\"><img decoding=\"async\" src=\"https:\/\/blogger.googleusercontent.com\/img\/b\/R29vZ2xl\/AVvXsEiXPcbUKXBQUa23jQUdo7OTg8fH2DA19sLljz3eTdPf4W8v0D-neKLR88XQ5qdIr2t0ZALoEGQ1v2UDu5CzmGj3Nni3BTqeQ53MuDbVju7Tf8KETs6kbquWIqhQ1RTCGFXBymJAnv8S1dYW62WRRhJ56JUcmV1Ha65CW1qR0epupdQlNfin7GO5MSPsjg4u\/w640-h628\/contracapa.jpg\" alt=\"\"\/><\/figure>\n\n\n<div class=\"separator\">Uma das curiosidades de Sylvio Vianna, pelo menos por aqui, ou ainda, nesta segunda vez\/postagem s\u00e3o as capas dos discos.\u00a0<a href=\"https:\/\/blogger.googleusercontent.com\/img\/a\/AVvXsEjERVH2vajsKScEjN-LrKk0KkSfMDdnU0HUYBDt6Y2B3ikOYjsh2nqQG69FbinH8I9oBiv0hr3rcM79rC0P-UUn3eY-g6oVb7K-2XMT5Sq1Gjgtn0VGHyXqXL41EizaII6W6UNK5AbDMuQwSGC8C4FwEifqCr_O22Ci0XcxDtLWIaT7OfX7cMIsh6vqVw=w640-h624\" target=\"_blank\" rel=\"noopener\">A primeira<\/a>, no m\u00ednimo, divertida. J\u00e1 esta, bem&#8230; totalmente fora do tempo e do contexto. As grava\u00e7\u00f5es, o disco &#8220;Mil e Uma Noites &#8211; Dan\u00e7ando no Cabaret&#8221; \u00e9 de 1959. Este aqui \u00e9 um relan\u00e7amento de uns dez anos depois cujas a refer\u00eancias de capa se perderam, o que fez a gravadora lan\u00e7ar m\u00e3o de uma nova arte. E vieram com esta. Bonita capa, mas n\u00e3o tem nada a ver e ouvir com o conte\u00fado, um disco. O que temos \u00e9 o pianista Sylvio Vianna e seu conjunto desfilando uma s\u00e9rie dan\u00e7ante com temas mistos, nacionais e internacionais<\/div>\n<div class=\"separator\">\u00a0<\/div>\n<div class=\"separator\">recado<\/div>\n<div class=\"separator\">non dimenticar<\/div>\n<div class=\"separator\">smoke gets inyour eyes<\/div>\n<div class=\"separator\">intermezzo da cavalleria rusticana<\/div>\n<div class=\"separator\">sem ti<\/div>\n<div class=\"separator\">secret love<\/div>\n<div class=\"separator\">mais um samba pra dan\u00e7ar<\/div>\n<div class=\"separator\">come prima<\/div>\n<div class=\"separator\">pione<\/div>\n<div class=\"separator\">amok<\/div>\n<div class=\"separator\">samba sincopado<\/div>\n<div class=\"separator\">quiereme mucho<\/div>\n<div class=\"separator\">\u00a0<\/div>\n<div class=\"separator\">.<\/div>\n<div class=\"separator\">\u00a0<\/div>","protected":false},"excerpt":{"rendered":"<p>Uma das curiosidades de Sylvio Vianna, pelo menos por aqui, ou ainda, nesta segunda vez\/postagem s\u00e3o as capas dos discos.\u00a0A primeira, no m\u00ednimo, divertida. J\u00e1 esta, bem&#8230; totalmente fora do tempo e do contexto. As grava\u00e7\u00f5es, o disco &#8220;Mil e &hellip; <a href=\"https:\/\/www.toque-musicall.com\/?p=10860\">Continue lendo <span class=\"meta-nav\">&rarr;<\/span><\/a><\/p>\n","protected":false},"author":1,"featured_media":0,"comment_status":"closed","ping_status":"closed","sticky":false,"template":"","format":"standard","meta":{"footnotes":""},"categories":[1],"tags":[5005,4897],"class_list":["post-10860","post","type-post","status-publish","format-standard","hentry","category-sem-categoria","tag-selo-imperial","tag-sylvio-vianna"],"_links":{"self":[{"href":"https:\/\/www.toque-musicall.com\/index.php?rest_route=\/wp\/v2\/posts\/10860","targetHints":{"allow":["GET"]}}],"collection":[{"href":"https:\/\/www.toque-musicall.com\/index.php?rest_route=\/wp\/v2\/posts"}],"about":[{"href":"https:\/\/www.toque-musicall.com\/index.php?rest_route=\/wp\/v2\/types\/post"}],"author":[{"embeddable":true,"href":"https:\/\/www.toque-musicall.com\/index.php?rest_route=\/wp\/v2\/users\/1"}],"replies":[{"embeddable":true,"href":"https:\/\/www.toque-musicall.com\/index.php?rest_route=%2Fwp%2Fv2%2Fcomments&post=10860"}],"version-history":[{"count":1,"href":"https:\/\/www.toque-musicall.com\/index.php?rest_route=\/wp\/v2\/posts\/10860\/revisions"}],"predecessor-version":[{"id":10861,"href":"https:\/\/www.toque-musicall.com\/index.php?rest_route=\/wp\/v2\/posts\/10860\/revisions\/10861"}],"wp:attachment":[{"href":"https:\/\/www.toque-musicall.com\/index.php?rest_route=%2Fwp%2Fv2%2Fmedia&parent=10860"}],"wp:term":[{"taxonomy":"category","embeddable":true,"href":"https:\/\/www.toque-musicall.com\/index.php?rest_route=%2Fwp%2Fv2%2Fcategories&post=10860"},{"taxonomy":"post_tag","embeddable":true,"href":"https:\/\/www.toque-musicall.com\/index.php?rest_route=%2Fwp%2Fv2%2Ftags&post=10860"}],"curies":[{"name":"wp","href":"https:\/\/api.w.org\/{rel}","templated":true}]}}