{"id":10864,"date":"2024-11-28T20:20:00","date_gmt":"2024-11-28T23:20:00","guid":{"rendered":"https:\/\/www.toque-musicall.com\/?p=10864"},"modified":"2024-12-15T20:21:32","modified_gmt":"2024-12-15T23:21:32","slug":"grupo-acaba-ultima-cheia-1989","status":"publish","type":"post","link":"https:\/\/www.toque-musicall.com\/?p=10864","title":{"rendered":"Grupo Acaba &#8211; \u00daltima Cheia (1989)\u00a0"},"content":{"rendered":"\n<figure class=\"wp-block-image size-large\"><img decoding=\"async\" src=\"https:\/\/blogger.googleusercontent.com\/img\/b\/R29vZ2xl\/AVvXsEhn2TaYttnHTz83AhMJf8qvjIt-AdsLS-ixGQF4RM2QmL-x-tfjI7fpZL4JoSqFTaVafdbEIvNFlI32I4L2Njm4c8D8iYhrnO_dPJD2ntCyykPcitCsVUTVKVWTg-Kv8as7s8p0XBkp3_N2-lIwdsKRmqbo49f2S2Bl1xMfp6keCkJyEIWEXjnkZe7fMg7l\/w640-h626\/Capturar.JPG\" alt=\"\"\/><\/figure>\n\n\n\n<figure class=\"wp-block-image size-large\"><img decoding=\"async\" src=\"https:\/\/blogger.googleusercontent.com\/img\/b\/R29vZ2xl\/AVvXsEhleIa8Gn2CWgidky5uSjfJg_2o8yTIFL9OLqqs5PMwLLwRm15Cud6dBTZ4cDmz83eKT721y2v9j9ku7xqhlVeNrtPx3Wxu6ojf3jxjwb2NllzXer5t96R5kz26MjTMQT1xjpkziNG-a-8HtKvOhtyj5UHCdoCnwh6HF_M2TXRSBpzvnNJD6ckymEMVeNsW\/w624-h640\/Capturarb.JPG\" alt=\"\"\/><\/figure>\n\n\n<div class=\"separator\">Em nossa mostra de variedades fonomusicais, temos para hoje o Grupo Acaba. Conjunto musical regional nascido no Mato Grosso do Sul, no final dos anos 60 e cujo o trabalho \u00e9 voltado ao folclore matogrossence e tamb\u00e9m sobre as quest\u00f5es ambientais do pantanal. O Grupo Acaba embora seja um conjunto semi-profissional, tem um carreira s\u00f3lida e ao longo de mais de 50 anos de atividades participou de diversos projetos musicais em defesa do Pantanal. Gravaram uma dezena de discos, sendo este, &#8220;\u00daltima cheia&#8221; seu quarto lp, lan\u00e7ado de maneira independente. J\u00e1 apresentamos aqui o primeiro disco, lan\u00e7ado pelo selo Marcus Pereira, em 79, mas por conta de algumas altera\u00e7\u00f5es acabou sendo deletado, mas vamos repost\u00e1-lo em breve.<\/div>\n<div class=\"separator\">\u00a0<\/div>\n<div class=\"separator\">papagaiada<\/div>\n<div class=\"separator\">fernando vieira<\/div>\n<div class=\"separator\">nos barrancos do rochedo<\/div>\n<div class=\"separator\">waradzu<\/div>\n<div class=\"separator\">raizes<\/div>\n<div class=\"separator\">nos mares de xara\u00e9s<\/div>\n<div class=\"separator\">cavalinho de apu<\/div>\n<div class=\"separator\">p\u00e1ssaro branco<\/div>\n<div class=\"separator\">vaca tucura boi pantaneiro<\/div>\n<div class=\"separator\">\u00faltima cheia<\/div>\n<div class=\"separator\">assinatura<\/div>\n<div class=\"separator\">\u00a0<\/div>\n<div class=\"separator\">\u00a0<\/div>\n<div class=\"separator\">.<\/div>","protected":false},"excerpt":{"rendered":"<p>Em nossa mostra de variedades fonomusicais, temos para hoje o Grupo Acaba. Conjunto musical regional nascido no Mato Grosso do Sul, no final dos anos 60 e cujo o trabalho \u00e9 voltado ao folclore matogrossence e tamb\u00e9m sobre as quest\u00f5es &hellip; <a href=\"https:\/\/www.toque-musicall.com\/?p=10864\">Continue lendo <span class=\"meta-nav\">&rarr;<\/span><\/a><\/p>\n","protected":false},"author":1,"featured_media":0,"comment_status":"closed","ping_status":"closed","sticky":false,"template":"","format":"standard","meta":{"footnotes":""},"categories":[1],"tags":[3141,3017],"class_list":["post-10864","post","type-post","status-publish","format-standard","hentry","category-sem-categoria","tag-grupo-acaba","tag-selo-independente"],"_links":{"self":[{"href":"https:\/\/www.toque-musicall.com\/index.php?rest_route=\/wp\/v2\/posts\/10864","targetHints":{"allow":["GET"]}}],"collection":[{"href":"https:\/\/www.toque-musicall.com\/index.php?rest_route=\/wp\/v2\/posts"}],"about":[{"href":"https:\/\/www.toque-musicall.com\/index.php?rest_route=\/wp\/v2\/types\/post"}],"author":[{"embeddable":true,"href":"https:\/\/www.toque-musicall.com\/index.php?rest_route=\/wp\/v2\/users\/1"}],"replies":[{"embeddable":true,"href":"https:\/\/www.toque-musicall.com\/index.php?rest_route=%2Fwp%2Fv2%2Fcomments&post=10864"}],"version-history":[{"count":1,"href":"https:\/\/www.toque-musicall.com\/index.php?rest_route=\/wp\/v2\/posts\/10864\/revisions"}],"predecessor-version":[{"id":10865,"href":"https:\/\/www.toque-musicall.com\/index.php?rest_route=\/wp\/v2\/posts\/10864\/revisions\/10865"}],"wp:attachment":[{"href":"https:\/\/www.toque-musicall.com\/index.php?rest_route=%2Fwp%2Fv2%2Fmedia&parent=10864"}],"wp:term":[{"taxonomy":"category","embeddable":true,"href":"https:\/\/www.toque-musicall.com\/index.php?rest_route=%2Fwp%2Fv2%2Fcategories&post=10864"},{"taxonomy":"post_tag","embeddable":true,"href":"https:\/\/www.toque-musicall.com\/index.php?rest_route=%2Fwp%2Fv2%2Ftags&post=10864"}],"curies":[{"name":"wp","href":"https:\/\/api.w.org\/{rel}","templated":true}]}}