{"id":10866,"date":"2024-11-29T19:43:06","date_gmt":"2024-11-29T22:43:06","guid":{"rendered":"https:\/\/www.toque-musicall.com\/?p=10866"},"modified":"2024-12-16T19:44:54","modified_gmt":"2024-12-16T22:44:54","slug":"pela-qualidade-da-nossa-geracao-1980","status":"publish","type":"post","link":"https:\/\/www.toque-musicall.com\/?p=10866","title":{"rendered":"Pela Qualidade Da Nossa Gera\u00e7\u00e3o (1980)"},"content":{"rendered":"\n<figure class=\"wp-block-image size-large\"><img decoding=\"async\" src=\"https:\/\/blogger.googleusercontent.com\/img\/b\/R29vZ2xl\/AVvXsEg9khbeoxv7aZ0mnk63b5Y9eqjHw4eHs8_jKAT_gLLXLgmeC8TlVTQVijGE75HYw7wJ1rMeCXrjsqQnbQU2zn8mKMpyGyMto8N1S_6Vr1qeG374WszMH9JhUlYOnr6FFxAytlxx1sIoXkMexhBXvpl3TGFB9sXIvGwdWg_PFNRdZ69UhlF06hyty1b_n14Z\/w640-h640\/Capturar.JPG\" alt=\"\"\/><\/figure>\n\n\n\n<figure class=\"wp-block-image size-large\"><img decoding=\"async\" src=\"https:\/\/blogger.googleusercontent.com\/img\/b\/R29vZ2xl\/AVvXsEg4FVt-lQ8dWCnafUpQHU6w0-rhvVzyJabwRIIcUPrcOZpYmHIG8MfRIg1kxFf_PFhrHarEkQaLXLlY3OmVWq5r3eaNVhNuYPGvf129_W7sLV6Zv5s-7prbr7sWvO_h_SUsN4W5oIaYEFIoC_QkHVagRk5RHyi4hIqUxH008zcyvgq_lSKl0_rQpOcZGOdh\/w638-h640\/Capturarb.JPG\" alt=\"\"\/><\/figure>\n\n\n<div class=\"separator\">Existem colet\u00e2neas que podemos considerar impec\u00e1veis pela qualidade de sua sele\u00e7\u00e3o. Aqui ainda mais, pois se trata de uma coleta de alguns dos melhores artistas com discos lan\u00e7ados pela EMI no in\u00edcio dos anos 80. &#8220;Pela qualidade da nossa gera\u00e7\u00e3o&#8221; \u00e9 bem isso, um verdadeiro manifesto de uma \u00e9poca, quando ainda se fazia m\u00fasica popular de alto n\u00edvel.<\/div>\n<div>\u00a0<\/div>\n<div>pela claridade da nossa casa &#8211; beto guedes<\/div>\n<div>aguaceiro &#8211; teca e ricardo<\/div>\n<div>ela &#8211; l\u00f4 borges<\/div>\n<div>clareana &#8211; joyce<\/div>\n<div>joga na bandeira &#8211; wagner tiso<\/div>\n<div>t\u00f4 aqui te esperando &#8211; viva voz<\/div>\n<div>aquele um &#8211; djavan<\/div>\n<div>mais uma boca &#8211; fatima guedes<\/div>\n<div>can\u00e7\u00e3o da am\u00e9rica &#8211; 14 bis<\/div>\n<div>de volta ao come\u00e7o &#8211; nana caymmi<\/div>\n<div>dia de cria\u00e7\u00e3o &#8211; claudio jorge<\/div>\n<div>sol de primavera &#8211; beto guedes<\/div>\n<div>\u00a0<\/div>\n<div>\u00a0<\/div>\n<div>.<\/div>\n<div>\u00a0<\/div>","protected":false},"excerpt":{"rendered":"<p>Existem colet\u00e2neas que podemos considerar impec\u00e1veis pela qualidade de sua sele\u00e7\u00e3o. Aqui ainda mais, pois se trata de uma coleta de alguns dos melhores artistas com discos lan\u00e7ados pela EMI no in\u00edcio dos anos 80. &#8220;Pela qualidade da nossa gera\u00e7\u00e3o&#8221; &hellip; <a href=\"https:\/\/www.toque-musicall.com\/?p=10866\">Continue lendo <span class=\"meta-nav\">&rarr;<\/span><\/a><\/p>\n","protected":false},"author":1,"featured_media":0,"comment_status":"closed","ping_status":"closed","sticky":false,"template":"","format":"standard","meta":{"footnotes":""},"categories":[1],"tags":[3158,5845,3639],"class_list":["post-10866","post","type-post","status-publish","format-standard","hentry","category-sem-categoria","tag-coletanea","tag-coletanea-emi","tag-selo-emi"],"_links":{"self":[{"href":"https:\/\/www.toque-musicall.com\/index.php?rest_route=\/wp\/v2\/posts\/10866","targetHints":{"allow":["GET"]}}],"collection":[{"href":"https:\/\/www.toque-musicall.com\/index.php?rest_route=\/wp\/v2\/posts"}],"about":[{"href":"https:\/\/www.toque-musicall.com\/index.php?rest_route=\/wp\/v2\/types\/post"}],"author":[{"embeddable":true,"href":"https:\/\/www.toque-musicall.com\/index.php?rest_route=\/wp\/v2\/users\/1"}],"replies":[{"embeddable":true,"href":"https:\/\/www.toque-musicall.com\/index.php?rest_route=%2Fwp%2Fv2%2Fcomments&post=10866"}],"version-history":[{"count":1,"href":"https:\/\/www.toque-musicall.com\/index.php?rest_route=\/wp\/v2\/posts\/10866\/revisions"}],"predecessor-version":[{"id":10867,"href":"https:\/\/www.toque-musicall.com\/index.php?rest_route=\/wp\/v2\/posts\/10866\/revisions\/10867"}],"wp:attachment":[{"href":"https:\/\/www.toque-musicall.com\/index.php?rest_route=%2Fwp%2Fv2%2Fmedia&parent=10866"}],"wp:term":[{"taxonomy":"category","embeddable":true,"href":"https:\/\/www.toque-musicall.com\/index.php?rest_route=%2Fwp%2Fv2%2Fcategories&post=10866"},{"taxonomy":"post_tag","embeddable":true,"href":"https:\/\/www.toque-musicall.com\/index.php?rest_route=%2Fwp%2Fv2%2Ftags&post=10866"}],"curies":[{"name":"wp","href":"https:\/\/api.w.org\/{rel}","templated":true}]}}