{"id":10887,"date":"2024-12-23T19:52:17","date_gmt":"2024-12-23T22:52:17","guid":{"rendered":"https:\/\/www.toque-musicall.com\/?p=10887"},"modified":"2024-12-23T19:52:17","modified_gmt":"2024-12-23T22:52:17","slug":"o-sertanejo-canta-o-natal-1981","status":"publish","type":"post","link":"https:\/\/www.toque-musicall.com\/?p=10887","title":{"rendered":"O Sertanejo Canta O Natal (1981)\u00a0"},"content":{"rendered":"\n<figure class=\"wp-block-image size-large\"><img decoding=\"async\" src=\"https:\/\/blogger.googleusercontent.com\/img\/b\/R29vZ2xl\/AVvXsEiOm6x_x6o4drANTLc2Yrf0SITUBXB93IZIZj2gNldgRSImcTZDvF7aGXePPkdYXvbD8H5zwEqYBZrNwEBbHC2bN-Y8NDaBy7ET7pWvPEhGulst0Q-YVZwnk-mQawb4UqNPCXG8_o8dhQg1rrF3BOB2suFfiyvWrJiulKCq91MUllotWzJmYMLd4lAFlqcN\/w636-h640\/Capturar.JPG\" alt=\"\"\/><\/figure>\n\n\n\n<figure class=\"wp-block-image size-large\"><img decoding=\"async\" src=\"https:\/\/blogger.googleusercontent.com\/img\/b\/R29vZ2xl\/AVvXsEivD5TtVBmu5ax8q5mviQgbZ8ThsfGka7NrKjU4CgTL4WIRAkhAQWr_tmOH6UC8b9quLjFEP7WyDQpuz0pl0MQQQbvs9HBNuSN3-7jsn-DO8wLa9hKhx8qnxyduB6zSaO42M6zpqzjcboaQh5MI87Js-K9pjGaMi8FbC_9B5M2TVSsYpbfenBm_t81cB-o1\/w640-h622\/Capturarb.JPG\" alt=\"\"\/><\/figure>\n\n\n<div class=\"separator\">Para n\u00e3o passar batido, como foi nos dois \u00faltimos anos, desta vez vamos deixando aqui um disquinho de Natal. &#8220;O sertanejo canta o Natal&#8221;, pelo t\u00edtulo j\u00e1 d\u00e1 para sentir o que temos neste lp, lan\u00e7ado nos anos 80, uma sele\u00e7\u00e3o de m\u00fasicas natalinas famosas interpretadas por artistas da m\u00fasica sertaneja.<\/div>\n<div>\u00a0<\/div>\n<div class=\"separator\">sinos de bel\u00e9m &#8211; grupo minuano<\/div>\n<div class=\"separator\">noite feliz &#8211; duo cristalino<\/div>\n<div class=\"separator\">o velhinho &#8211; irm\u00e3os pedrini<\/div>\n<div class=\"separator\">boas festas &#8211; maurilio e tony carlos<\/div>\n<div class=\"separator\">valsa da despedida &#8211; trio casa branca<\/div>\n<div class=\"separator\">natal das crian\u00e7as &#8211; irm\u00e3os pedrini<\/div>\n<div class=\"separator\">pinheirinho agreste (o tannenbaum) &#8211; grupo minuano<\/div>\n<div class=\"separator\">sonho de natal &#8211; maurilio e tony carlos<\/div>\n<div class=\"separator\">nasceu em bel\u00e9m &#8211; duo cristalino<\/div>\n<div class=\"separator\">fim de ano &#8211; trio casa branca<\/div>\n<div class=\"separator\">\u00a0<\/div>\n<div class=\"separator\">\u00a0<\/div>\n<div class=\"separator\">.<\/div>\n<p>&nbsp;<\/p>","protected":false},"excerpt":{"rendered":"<p>Para n\u00e3o passar batido, como foi nos dois \u00faltimos anos, desta vez vamos deixando aqui um disquinho de Natal. &#8220;O sertanejo canta o Natal&#8221;, pelo t\u00edtulo j\u00e1 d\u00e1 para sentir o que temos neste lp, lan\u00e7ado nos anos 80, uma &hellip; <a href=\"https:\/\/www.toque-musicall.com\/?p=10887\">Continue lendo <span class=\"meta-nav\">&rarr;<\/span><\/a><\/p>\n","protected":false},"author":1,"featured_media":0,"comment_status":"closed","ping_status":"closed","sticky":false,"template":"","format":"standard","meta":{"footnotes":""},"categories":[1],"tags":[4924,5852],"class_list":["post-10887","post","type-post","status-publish","format-standard","hentry","category-sem-categoria","tag-natal","tag-selo-seta"],"_links":{"self":[{"href":"https:\/\/www.toque-musicall.com\/index.php?rest_route=\/wp\/v2\/posts\/10887","targetHints":{"allow":["GET"]}}],"collection":[{"href":"https:\/\/www.toque-musicall.com\/index.php?rest_route=\/wp\/v2\/posts"}],"about":[{"href":"https:\/\/www.toque-musicall.com\/index.php?rest_route=\/wp\/v2\/types\/post"}],"author":[{"embeddable":true,"href":"https:\/\/www.toque-musicall.com\/index.php?rest_route=\/wp\/v2\/users\/1"}],"replies":[{"embeddable":true,"href":"https:\/\/www.toque-musicall.com\/index.php?rest_route=%2Fwp%2Fv2%2Fcomments&post=10887"}],"version-history":[{"count":1,"href":"https:\/\/www.toque-musicall.com\/index.php?rest_route=\/wp\/v2\/posts\/10887\/revisions"}],"predecessor-version":[{"id":10888,"href":"https:\/\/www.toque-musicall.com\/index.php?rest_route=\/wp\/v2\/posts\/10887\/revisions\/10888"}],"wp:attachment":[{"href":"https:\/\/www.toque-musicall.com\/index.php?rest_route=%2Fwp%2Fv2%2Fmedia&parent=10887"}],"wp:term":[{"taxonomy":"category","embeddable":true,"href":"https:\/\/www.toque-musicall.com\/index.php?rest_route=%2Fwp%2Fv2%2Fcategories&post=10887"},{"taxonomy":"post_tag","embeddable":true,"href":"https:\/\/www.toque-musicall.com\/index.php?rest_route=%2Fwp%2Fv2%2Ftags&post=10887"}],"curies":[{"name":"wp","href":"https:\/\/api.w.org\/{rel}","templated":true}]}}