{"id":1089,"date":"2009-09-11T09:40:00","date_gmt":"2009-09-11T09:40:00","guid":{"rendered":"http:\/\/www.toque-musicall.com\/?p=1089"},"modified":"2009-09-11T09:40:00","modified_gmt":"2009-09-11T09:40:00","slug":"jose-miguel-wisnik-1992","status":"publish","type":"post","link":"https:\/\/www.toque-musicall.com\/?p=1089","title":{"rendered":"Jos\u00e9 Miguel Wisnik (1992)"},"content":{"rendered":"<p><a href=\"http:\/\/1.bp.blogspot.com\/_DSKVEvHtskc\/Sqoban1GboI\/AAAAAAAAFV0\/Ea5ezA7C9FM\/s1600-h\/Jos%C3%A9+Miguel+Wisnik+-+P.JPG\"><img decoding=\"async\" style=\"display:block; margin:0px auto 10px; text-align:center;cursor:pointer; cursor:hand;width: 400px; height: 400px;\" src=\"http:\/\/1.bp.blogspot.com\/_DSKVEvHtskc\/Sqoban1GboI\/AAAAAAAAFV0\/Ea5ezA7C9FM\/s400\/Jos%C3%A9+Miguel+Wisnik+-+P.JPG\" border=\"0\" alt=\"\" id=\"BLOGGER_PHOTO_ID_5380142849029729922\" \/><\/a>Bom dia, meus queridos amigos cultos e ocultos. Hoje eu acordei num \u00f3timo astral, mesmo apesar da manh\u00e3 est\u00e1 assim meio nublada, parecendo Sampa. Mas como na capital dos paulistas, ao longo do dia, o sol aparece e o dia fica mais vibrante. Afinal, hoje \u00e9 sexta-feira! E por falar em Sampa, eu hoje resolvi postar um disco que eu comprei nesta cidade h\u00e1 mais de 10 anos atr\u00e1s e que pela sua beleza, vem me acompanhando como trilha desde ent\u00e3o. Posso dizer que venho escutado este disquinho continuamente ou mesmo cantarolando suas inspiradas faixas que a muito eu sei de cor. Obviamente, estou me referindo ao m\u00fasico e compositor Jos\u00e9 Miguel Wisnik, tamb\u00e9m ensa\u00edsta e professor de literatura na USP. O cara \u00e9 genial, de uma sensibilidade \u00edmpar, um grande poeta. O presente disco, se n\u00e3o me engano, foi seu primeiro trabalho e no pouco ou muito que ouvi dos outros discos dele, acho este o melhor. Destacar uma ou outra m\u00fasica do disco seria uma injusti\u00e7a, sendo que todas s\u00e3o maravilhosas. Mas \u00e9 de comover, em alguns casos, a perfeita uni\u00e3o da poesia com a m\u00fasica. Sensibilidade pura! Deixo aqui para os que ainda n\u00e3o conhecem essa p\u00e9rola musical. Um dos melhores trabalhos fonogr\u00e1ficos produzidos nos anos 90, pode acreditar!<\/p>\n<div><\/div>\n<div style=\"text-align: center;\">se meu mundo cair<\/div>\n<div style=\"text-align: center;\">mundo cruel<\/div>\n<div style=\"text-align: center;\">laser<\/div>\n<div style=\"text-align: center;\">v\u00edrus<\/div>\n<div style=\"text-align: center;\">mais simples<\/div>\n<div style=\"text-align: center;\">estranho jardim<\/div>\n<div style=\"text-align: center;\">a olhos nus<\/div>\n<div style=\"text-align: center;\">polonaise<\/div>\n<div style=\"text-align: center;\">a primeira vez, mam\u00e3e, que eu fui ao cinema<\/div>\n<div style=\"text-align: center;\">v\u00f4o cego<\/div>\n<div style=\"text-align: center;\">subir mais<\/div>\n<div style=\"text-align: center;\">pesar do mundo<\/div>\n<div style=\"text-align: center;\">som e f\u00faria<\/div>\n<div style=\"text-align: center;\">soneto do olho-do-cu<\/div>\n<div style=\"text-align: center;\">mestres cantores<\/div>\n<div style=\"text-align: center;\"><\/div>\n<div style=\"text-align: center;\"><\/div>\n","protected":false},"excerpt":{"rendered":"<p>Bom dia, meus queridos amigos cultos e ocultos. Hoje eu acordei num \u00f3timo astral, mesmo apesar da manh\u00e3 est\u00e1 assim meio nublada, parecendo Sampa. Mas como na capital dos paulistas, ao longo do dia, o sol aparece e o dia &hellip; <a href=\"https:\/\/www.toque-musicall.com\/?p=1089\">Continue lendo <span class=\"meta-nav\">&rarr;<\/span><\/a><\/p>\n","protected":false},"author":1,"featured_media":0,"comment_status":"open","ping_status":"closed","sticky":false,"template":"","format":"standard","meta":{"footnotes":""},"categories":[1383],"tags":[],"class_list":["post-1089","post","type-post","status-publish","format-standard","hentry","category-jose-miguel-wisnik"],"_links":{"self":[{"href":"https:\/\/www.toque-musicall.com\/index.php?rest_route=\/wp\/v2\/posts\/1089","targetHints":{"allow":["GET"]}}],"collection":[{"href":"https:\/\/www.toque-musicall.com\/index.php?rest_route=\/wp\/v2\/posts"}],"about":[{"href":"https:\/\/www.toque-musicall.com\/index.php?rest_route=\/wp\/v2\/types\/post"}],"author":[{"embeddable":true,"href":"https:\/\/www.toque-musicall.com\/index.php?rest_route=\/wp\/v2\/users\/1"}],"replies":[{"embeddable":true,"href":"https:\/\/www.toque-musicall.com\/index.php?rest_route=%2Fwp%2Fv2%2Fcomments&post=1089"}],"version-history":[{"count":0,"href":"https:\/\/www.toque-musicall.com\/index.php?rest_route=\/wp\/v2\/posts\/1089\/revisions"}],"wp:attachment":[{"href":"https:\/\/www.toque-musicall.com\/index.php?rest_route=%2Fwp%2Fv2%2Fmedia&parent=1089"}],"wp:term":[{"taxonomy":"category","embeddable":true,"href":"https:\/\/www.toque-musicall.com\/index.php?rest_route=%2Fwp%2Fv2%2Fcategories&post=1089"},{"taxonomy":"post_tag","embeddable":true,"href":"https:\/\/www.toque-musicall.com\/index.php?rest_route=%2Fwp%2Fv2%2Ftags&post=1089"}],"curies":[{"name":"wp","href":"https:\/\/api.w.org\/{rel}","templated":true}]}}