{"id":10891,"date":"2024-12-08T07:39:46","date_gmt":"2024-12-08T10:39:46","guid":{"rendered":"https:\/\/www.toque-musicall.com\/?p=10891"},"modified":"2024-12-27T07:44:34","modified_gmt":"2024-12-27T10:44:34","slug":"sandoval-dias-e-seu-conjunto-dancando-o-sucesso-1961","status":"publish","type":"post","link":"https:\/\/www.toque-musicall.com\/?p=10891","title":{"rendered":"Sandoval Dias E Seu Conjunto &#8211; Dan\u00e7ando o Sucesso (1961)\u00a0"},"content":{"rendered":"\n<figure class=\"wp-block-image size-large\"><img decoding=\"async\" src=\"https:\/\/blogger.googleusercontent.com\/img\/b\/R29vZ2xl\/AVvXsEhZrnmf03F5sH7Jw06dMnKP5qVzJBeNcKLY2IazblTOUATOoWgM5-WLAdvfny9_ijUXqrC_KL315XxBGeqbQ1bBLQ6ea7EHbULIdw4LzLF33O5mPWh2D-K-RUP37aKXHf1v2CmZstYKAvVYtcWGaF1pC1hmDnTUuVe16WJey7a7ZjjTqb_fI-bkCZNjWKcY\/w640-h628\/Capturar.JPG\" alt=\"\"\/><\/figure>\n\n\n\n<figure class=\"wp-block-image size-large\"><img decoding=\"async\" src=\"https:\/\/blogger.googleusercontent.com\/img\/b\/R29vZ2xl\/AVvXsEjBg_PvbpJLnWUIMet2tjxmwgDtk7SlYeHZWSbp_TMd3k7Ha7CUD4UoI4kiI7Q4McvVFS3o6CdlOzaALMIqx953p8XDNerP-cBkkh2vq8P6g0uV1ggEit_KB6U7EDcesdA71KcKjXUJZr1_c8MhUn9XHjoscs7if7_qBk0uf_qUkzNV4InPsvVf9g9JVmTG\/w640-h628\/Capturarb.JPG\" alt=\"\"\/><\/figure>\n\n\n<div class=\"separator\">Hoje vamos com o grande instrumentista, o saxofonista e compositor Sandoval Dias, m\u00fasico que atuou em diversas orquestras por mais de tr\u00eas d\u00e9cadas. Nos anos 50 passa a gravar seus primeiros discos, alguns deles j\u00e1 apresentados aqui no Toque Musical. Neste lp de 1961, lan\u00e7ado pela Philips, temos um repert\u00f3rio dividido entre sambas, boleros e mambos.<\/div>\n<div class=\"separator\">\u00a0<\/div>\n<div class=\"separator\">samba que eu quero ver &#8211; samba de morro &#8211; foi ela<\/div>\n<div class=\"separator\">dance avec moi &#8211; mandolins in the moonght &#8211; amar<\/div>\n<div class=\"separator\">camisa listrada &#8211; conversa de botequim &#8211; minha palho\u00e7a<\/div>\n<div class=\"separator\">the song of delilah &#8211; babalu &#8211; vereda tropical<\/div>\n<div class=\"separator\">jamais te esquecerei &#8211; maria dolores &#8211; ballerina<\/div>\n<div class=\"separator\">favela &#8211; cabelos brancos &#8211; meu romance<\/div>\n<div class=\"separator\">\u00a0<\/div>\n<div class=\"separator\">\u00a0<\/div>\n<div class=\"separator\">.<\/div>","protected":false},"excerpt":{"rendered":"<p>Hoje vamos com o grande instrumentista, o saxofonista e compositor Sandoval Dias, m\u00fasico que atuou em diversas orquestras por mais de tr\u00eas d\u00e9cadas. Nos anos 50 passa a gravar seus primeiros discos, alguns deles j\u00e1 apresentados aqui no Toque Musical. &hellip; <a href=\"https:\/\/www.toque-musicall.com\/?p=10891\">Continue lendo <span class=\"meta-nav\">&rarr;<\/span><\/a><\/p>\n","protected":false},"author":1,"featured_media":0,"comment_status":"closed","ping_status":"closed","sticky":false,"template":"","format":"standard","meta":{"footnotes":""},"categories":[1],"tags":[5233,3012],"class_list":["post-10891","post","type-post","status-publish","format-standard","hentry","category-sem-categoria","tag-sandoval-dias","tag-selo-philips"],"_links":{"self":[{"href":"https:\/\/www.toque-musicall.com\/index.php?rest_route=\/wp\/v2\/posts\/10891","targetHints":{"allow":["GET"]}}],"collection":[{"href":"https:\/\/www.toque-musicall.com\/index.php?rest_route=\/wp\/v2\/posts"}],"about":[{"href":"https:\/\/www.toque-musicall.com\/index.php?rest_route=\/wp\/v2\/types\/post"}],"author":[{"embeddable":true,"href":"https:\/\/www.toque-musicall.com\/index.php?rest_route=\/wp\/v2\/users\/1"}],"replies":[{"embeddable":true,"href":"https:\/\/www.toque-musicall.com\/index.php?rest_route=%2Fwp%2Fv2%2Fcomments&post=10891"}],"version-history":[{"count":1,"href":"https:\/\/www.toque-musicall.com\/index.php?rest_route=\/wp\/v2\/posts\/10891\/revisions"}],"predecessor-version":[{"id":10892,"href":"https:\/\/www.toque-musicall.com\/index.php?rest_route=\/wp\/v2\/posts\/10891\/revisions\/10892"}],"wp:attachment":[{"href":"https:\/\/www.toque-musicall.com\/index.php?rest_route=%2Fwp%2Fv2%2Fmedia&parent=10891"}],"wp:term":[{"taxonomy":"category","embeddable":true,"href":"https:\/\/www.toque-musicall.com\/index.php?rest_route=%2Fwp%2Fv2%2Fcategories&post=10891"},{"taxonomy":"post_tag","embeddable":true,"href":"https:\/\/www.toque-musicall.com\/index.php?rest_route=%2Fwp%2Fv2%2Ftags&post=10891"}],"curies":[{"name":"wp","href":"https:\/\/api.w.org\/{rel}","templated":true}]}}