{"id":10898,"date":"2024-12-12T12:55:13","date_gmt":"2024-12-12T15:55:13","guid":{"rendered":"https:\/\/www.toque-musicall.com\/?p=10898"},"modified":"2024-12-29T12:58:09","modified_gmt":"2024-12-29T15:58:09","slug":"para-viver-um-grande-amor-1969","status":"publish","type":"post","link":"https:\/\/www.toque-musicall.com\/?p=10898","title":{"rendered":"Para Viver Um Grande Amor (1969)"},"content":{"rendered":"\n<figure class=\"wp-block-image size-large\"><img decoding=\"async\" src=\"https:\/\/blogger.googleusercontent.com\/img\/b\/R29vZ2xl\/AVvXsEjYaYqOhR_eFNlY6gCjVGdg4wo4GsblGnTT9hWMk4KOBZKXm7k_-y1xSaAIzu49njrZO0uxbkvMqwwJmmLr-c6_MoZFSwIQskedqBUTshG1lcfXDnmsUk1c6C6W_ZHRmlHFbKW08Kp2nxJk11XSu4-nwOAsYV7D3FASihJRtwN5E4Trmu448qp_q9D5xef_\/w632-h640\/Capturar.JPG\" alt=\"\"\/><\/figure>\n\n\n\n<figure class=\"wp-block-image size-large\"><img decoding=\"async\" src=\"https:\/\/blogger.googleusercontent.com\/img\/b\/R29vZ2xl\/AVvXsEh-u4jfwNsjz8u5zycMskqE0CwouxYrNM5blhHnlpNgLd19jRROc5RDCcV_-lmOc6Lhgh3rMzhgJz1KGZ7mUhVqG4sekbdAdMxyjzvqllWiFu8BvBD26F2cdAmpoSRz3ErDmPznehQy2ZzIFa2lTluwPhX8CSN8XhIS-5ndiYiXcWWoQ4JJg-m4KVsR7ECz\/w640-h638\/Capturarb.JPG\" alt=\"\"\/><\/figure>\n\n\n<div class=\"separator\">Temos para hoje este lp lan\u00e7ado pela RCA, em 1969. Trata-se de um trabalho cuja a inten\u00e7\u00e3o era de\u00a0 aproximar a juventude da m\u00fasica popular moderna, de at\u00e9 ent\u00e3o. E no caso, o que temos \u00e9 um repert\u00f3rio rom\u00e2ntico com m\u00fasicas de Ant\u00f4nio Carlos Jobim, Carlos Lyra, Baden Powell, Luiz Bonf\u00e1, Vin\u00edcius e outros da chamada gera\u00e7\u00e3o Bossa Nova. \u00c9 um disco bem bacana que traz como int\u00e9rpretes jovens talentos da \u00e9poca: Mar\u00edlia Barbosa, Jos\u00e9 Ricardo e Victor Hugo, cantores revela\u00e7\u00e3o nos anos 60. H\u00e1 ainda Ant\u00f4no L\u00facio declamando poema de Vin\u00edcius de Moraes, que d\u00e1 nome ao disco.<\/div>\n<div class=\"separator\">\u00a0<\/div>\n<div class=\"separator\">hoje \u00e9 dia de amor &#8211; marilia barbosa<\/div>\n<div class=\"separator\">brigas nunca mais &#8211; jos\u00e9 ricardo<\/div>\n<div class=\"separator\">eu e voc\u00ca &#8211; victor hugo<\/div>\n<div class=\"separator\">deve ser amor &#8211; mar\u00edlia barbosa<\/div>\n<div class=\"separator\">s\u00f3 tinha de ser com voc\u00ea &#8211; victor hugo<\/div>\n<div class=\"separator\">tem d\u00f3 &#8211; marilia barbosa<\/div>\n<div class=\"separator\">esse seu olhar &#8211; s\u00f3 em teus bra\u00e7os &#8211; jos\u00e9 ricardo e marilia barbosa<\/div>\n<div class=\"separator\">primavera &#8211; jos\u00e9 ricardo<\/div>\n<div class=\"separator\">minha namorada &#8211; victor hugo<\/div>\n<div class=\"separator\">se todos fossem iguais a voc\u00ea &#8211; jos\u00e9 ricardo<\/div>\n<div class=\"separator\">par viver um grande amor &#8211; antonio l\u00facio<\/div>\n<div class=\"separator\">\u00a0<\/div>\n<div class=\"separator\">\u00a0<\/div>\n<div class=\"separator\">.<\/div>","protected":false},"excerpt":{"rendered":"<p>Temos para hoje este lp lan\u00e7ado pela RCA, em 1969. Trata-se de um trabalho cuja a inten\u00e7\u00e3o era de\u00a0 aproximar a juventude da m\u00fasica popular moderna, de at\u00e9 ent\u00e3o. E no caso, o que temos \u00e9 um repert\u00f3rio rom\u00e2ntico com &hellip; <a href=\"https:\/\/www.toque-musicall.com\/?p=10898\">Continue lendo <span class=\"meta-nav\">&rarr;<\/span><\/a><\/p>\n","protected":false},"author":1,"featured_media":0,"comment_status":"closed","ping_status":"closed","sticky":false,"template":"","format":"standard","meta":{"footnotes":""},"categories":[1],"tags":[3172,5856,3061,5855],"class_list":["post-10898","post","type-post","status-publish","format-standard","hentry","category-sem-categoria","tag-jose-ricardo","tag-marilia-barbosa","tag-selo-rca-victor","tag-victor-hugo"],"_links":{"self":[{"href":"https:\/\/www.toque-musicall.com\/index.php?rest_route=\/wp\/v2\/posts\/10898","targetHints":{"allow":["GET"]}}],"collection":[{"href":"https:\/\/www.toque-musicall.com\/index.php?rest_route=\/wp\/v2\/posts"}],"about":[{"href":"https:\/\/www.toque-musicall.com\/index.php?rest_route=\/wp\/v2\/types\/post"}],"author":[{"embeddable":true,"href":"https:\/\/www.toque-musicall.com\/index.php?rest_route=\/wp\/v2\/users\/1"}],"replies":[{"embeddable":true,"href":"https:\/\/www.toque-musicall.com\/index.php?rest_route=%2Fwp%2Fv2%2Fcomments&post=10898"}],"version-history":[{"count":1,"href":"https:\/\/www.toque-musicall.com\/index.php?rest_route=\/wp\/v2\/posts\/10898\/revisions"}],"predecessor-version":[{"id":10899,"href":"https:\/\/www.toque-musicall.com\/index.php?rest_route=\/wp\/v2\/posts\/10898\/revisions\/10899"}],"wp:attachment":[{"href":"https:\/\/www.toque-musicall.com\/index.php?rest_route=%2Fwp%2Fv2%2Fmedia&parent=10898"}],"wp:term":[{"taxonomy":"category","embeddable":true,"href":"https:\/\/www.toque-musicall.com\/index.php?rest_route=%2Fwp%2Fv2%2Fcategories&post=10898"},{"taxonomy":"post_tag","embeddable":true,"href":"https:\/\/www.toque-musicall.com\/index.php?rest_route=%2Fwp%2Fv2%2Ftags&post=10898"}],"curies":[{"name":"wp","href":"https:\/\/api.w.org\/{rel}","templated":true}]}}