{"id":109,"date":"2012-03-25T20:00:00","date_gmt":"2012-03-25T20:00:00","guid":{"rendered":"http:\/\/www.toque-musicall.com\/?p=109"},"modified":"2012-03-25T20:00:00","modified_gmt":"2012-03-25T20:00:00","slug":"nerino-silva-1974","status":"publish","type":"post","link":"https:\/\/www.toque-musicall.com\/?p=109","title":{"rendered":"Nerino Silva (1974)"},"content":{"rendered":"<p><a href=\"http:\/\/3.bp.blogspot.com\/-QnAqllU-W7o\/T2958u-7AEI\/AAAAAAAABTw\/DtjayRPuKwU\/s1600\/nerino+P.JPG\"><img decoding=\"async\" style=\"display:block; margin:0px auto 10px; text-align:center;cursor:pointer; cursor:hand;width: 396px; height: 400px;\" src=\"http:\/\/3.bp.blogspot.com\/-QnAqllU-W7o\/T2958u-7AEI\/AAAAAAAABTw\/DtjayRPuKwU\/s400\/nerino+P.JPG\" border=\"0\" alt=\"\" id=\"BLOGGER_PHOTO_ID_5723927735722246210\" \/><\/a><a href=\"http:\/\/4.bp.blogspot.com\/-0Mi9_gcgFws\/T2952Zl1fYI\/AAAAAAAABTk\/D0a4Zy5xenE\/s1600\/nerino+Bp.JPG\"><img decoding=\"async\" style=\"display:block; margin:0px auto 10px; text-align:center;cursor:pointer; cursor:hand;width: 389px; height: 400px;\" src=\"http:\/\/4.bp.blogspot.com\/-0Mi9_gcgFws\/T2952Zl1fYI\/AAAAAAAABTk\/D0a4Zy5xenE\/s400\/nerino+Bp.JPG\" border=\"0\" alt=\"\" id=\"BLOGGER_PHOTO_ID_5723927626900667778\" \/><\/a>Ol\u00e1 meus prezados amigos cultos, ocultos e associados! Hoje eu acordei querendo ouvir samba, ali\u00e1s, acordei pensando em fazer desta pr\u00f3xima semana um festival de sambas. T\u00e1 na hora de botar a cu\u00edca e o pandeiro nesse pagode.<\/p>\n<div>Tenho aqui para voc\u00eas o Nerino Silva, cantor e compositor carioca, que ficou conhecido principalmente pela interpreta\u00e7\u00e3o de &#8220;S\u00faplica Cearense&#8221;, de Gordurinha e Nelinho. Neste lp, lan\u00e7ado em 1974 pelo selo AMC \/ Beverly, da Copacabana, ele regrava a m\u00fasica e traz tamb\u00e9m composi\u00e7\u00f5es suas em parcerias, com o \u00f3timo samba, &#8220;Tio Pedro&#8221;, que abre o disco. H\u00e1 outras, entre as quais \u00e9 bom destacar, &#8220;Ela me beijou&#8221;, de Herivelto Martins e Arthur Costa, &#8220;Al\u00f4 Bahia&#8221;, de Wando e &#8220;Retrato de uma cidade&#8221;, de J. Costa e Br\u00e1ulio de Castro. As reg\u00eancias e os arranjos s\u00e3o do maestro Waldemiro Lemke, que d\u00e3o ao trabalho uma moldada, sem tirar, \u00e9 claro, a ess\u00eancia de samba. Lamentavelmente a grava\u00e7\u00e3o n\u00e3o est\u00e1 muito boa, por conta da qualidade do disco. Literalmente, bem sambado \ud83d\ude41  Mesmo assim, vale dar uma conferida \ud83d\ude09<\/div>\n<div><\/div>\n<div style=\"text-align: center;\">tio pedro<\/div>\n<div style=\"text-align: center;\">pranto \u00e9 sempre pranto<\/div>\n<div style=\"text-align: center;\">retrato de uma cidade<\/div>\n<div style=\"text-align: center;\">s\u00faplica cearence<\/div>\n<div style=\"text-align: center;\">n\u00e3o sambei nada<\/div>\n<div style=\"text-align: center;\">al\u00f4 bahia<\/div>\n<div style=\"text-align: center;\">cada um na sua<\/div>\n<div style=\"text-align: center;\">at\u00e9 logo meu amor<\/div>\n<div style=\"text-align: center;\">no balan\u00e7o da peneira<\/div>\n<div style=\"text-align: center;\">ela me beijou<\/div>\n<div style=\"text-align: center;\">surra de amor<\/div>\n<div style=\"text-align: center;\">hoi &#8211; ti<\/div>\n<div style=\"text-align: center;\"><\/div>\n<div style=\"text-align: center;\"><\/div>\n","protected":false},"excerpt":{"rendered":"<p>Ol\u00e1 meus prezados amigos cultos, ocultos e associados! Hoje eu acordei querendo ouvir samba, ali\u00e1s, acordei pensando em fazer desta pr\u00f3xima semana um festival de sambas. T\u00e1 na hora de botar a cu\u00edca e o pandeiro nesse pagode. Tenho aqui &hellip; <a href=\"https:\/\/www.toque-musicall.com\/?p=109\">Continue lendo <span class=\"meta-nav\">&rarr;<\/span><\/a><\/p>\n","protected":false},"author":1,"featured_media":0,"comment_status":"open","ping_status":"closed","sticky":false,"template":"","format":"standard","meta":{"footnotes":""},"categories":[202,172],"tags":[],"class_list":["post-109","post","type-post","status-publish","format-standard","hentry","category-nerino-silva","category-selo-amc"],"_links":{"self":[{"href":"https:\/\/www.toque-musicall.com\/index.php?rest_route=\/wp\/v2\/posts\/109","targetHints":{"allow":["GET"]}}],"collection":[{"href":"https:\/\/www.toque-musicall.com\/index.php?rest_route=\/wp\/v2\/posts"}],"about":[{"href":"https:\/\/www.toque-musicall.com\/index.php?rest_route=\/wp\/v2\/types\/post"}],"author":[{"embeddable":true,"href":"https:\/\/www.toque-musicall.com\/index.php?rest_route=\/wp\/v2\/users\/1"}],"replies":[{"embeddable":true,"href":"https:\/\/www.toque-musicall.com\/index.php?rest_route=%2Fwp%2Fv2%2Fcomments&post=109"}],"version-history":[{"count":0,"href":"https:\/\/www.toque-musicall.com\/index.php?rest_route=\/wp\/v2\/posts\/109\/revisions"}],"wp:attachment":[{"href":"https:\/\/www.toque-musicall.com\/index.php?rest_route=%2Fwp%2Fv2%2Fmedia&parent=109"}],"wp:term":[{"taxonomy":"category","embeddable":true,"href":"https:\/\/www.toque-musicall.com\/index.php?rest_route=%2Fwp%2Fv2%2Fcategories&post=109"},{"taxonomy":"post_tag","embeddable":true,"href":"https:\/\/www.toque-musicall.com\/index.php?rest_route=%2Fwp%2Fv2%2Ftags&post=109"}],"curies":[{"name":"wp","href":"https:\/\/api.w.org\/{rel}","templated":true}]}}