{"id":10902,"date":"2024-12-19T18:37:25","date_gmt":"2024-12-19T21:37:25","guid":{"rendered":"https:\/\/www.toque-musicall.com\/?p=10902"},"modified":"2024-12-30T18:39:05","modified_gmt":"2024-12-30T21:39:05","slug":"lauro-paiva-sucessos-1961","status":"publish","type":"post","link":"https:\/\/www.toque-musicall.com\/?p=10902","title":{"rendered":"Lauro Paiva &#8211; Sucessos (1961)"},"content":{"rendered":"\n<figure class=\"wp-block-image size-large\"><img decoding=\"async\" src=\"https:\/\/blogger.googleusercontent.com\/img\/b\/R29vZ2xl\/AVvXsEjFVWR9RHGic5FlzFpQAgQwfvpd7CGZ7du_HYA2i5-586TPbEw3h4U7bCKj8vgcifmPSk4J2MuS972ecFWstW1cD28cxKca7j91DlsmHxYCaJhn2_yvep97qcHD7-Gd5OWuSPbnusfmHfuNcVT9cKTES46QQIiqyfrdOkBBKjsC_xncFlWI9CfYgBr2bgJB\/w640-h626\/Capturar.JPG\" alt=\"\"\/><\/figure>\n\n\n\n<figure class=\"wp-block-image size-large\"><img decoding=\"async\" src=\"https:\/\/blogger.googleusercontent.com\/img\/b\/R29vZ2xl\/AVvXsEjtLCxTDURNoPWCU8_AyAdia4CJXnW511WKm2myQkQvwgzE-95wFq1qfl2sqtekYYi5ErjaRymoYHfTMTx71K3MhJQmx9l-a3eHjmIa_g6T7emtzcxm2vwSjD3qI2tNYQSSVEV_HBf6PGQcp1UB-8fMBmztIGEhSBNIOXT3HYIm-mshHYM7nz-ShhC4SZCz\/w640-h638\/captura.jpg\" alt=\"\"\/><\/figure>\n\n\n<div class=\"separator\">E na sequ\u00eancia, temos o baiano, Lauro Paiva e seu conjunto. J\u00e1 apresentamos aqui outros discos dele e desta vez temos este lp, lan\u00e7ado em 1961 pelo selo Copacabana. Um bom \u00e1lbum, tanto pelo repert\u00f3rio recheado de sambas quanto pelo conjunto que o acompanha, m\u00fasicos como Neco, Chuca Chuca, Manoel Araujo, Altamiro Carrilho e outros, fazem deste disco um dos melhores de Lauro Paiva.<\/div>\n<div class=\"separator\">\u00a0<\/div>\n<div class=\"separator\">what is this thing called love<\/div>\n<div class=\"separator\">palha\u00e7ada<\/div>\n<div class=\"separator\">poema do adeus<\/div>\n<div class=\"separator\">sonho e saudade<\/div>\n<div class=\"separator\">pra qu\u00ea<\/div>\n<div class=\"separator\">eu e o samba<\/div>\n<div class=\"separator\">carina<\/div>\n<div class=\"separator\">perd\u00e3o<\/div>\n<div class=\"separator\">beija-me depois<\/div>\n<div class=\"separator\">isso&#8230; coisa e tal<\/div>\n<div class=\"separator\">eu n\u00e3o sou marinheiro<\/div>\n<div class=\"separator\">meu amor foi embora<\/div>\n<div class=\"separator\">\u00a0<\/div>\n<div class=\"separator\">.<\/div>","protected":false},"excerpt":{"rendered":"<p>E na sequ\u00eancia, temos o baiano, Lauro Paiva e seu conjunto. J\u00e1 apresentamos aqui outros discos dele e desta vez temos este lp, lan\u00e7ado em 1961 pelo selo Copacabana. Um bom \u00e1lbum, tanto pelo repert\u00f3rio recheado de sambas quanto pelo &hellip; <a href=\"https:\/\/www.toque-musicall.com\/?p=10902\">Continue lendo <span class=\"meta-nav\">&rarr;<\/span><\/a><\/p>\n","protected":false},"author":1,"featured_media":0,"comment_status":"closed","ping_status":"closed","sticky":false,"template":"","format":"standard","meta":{"footnotes":""},"categories":[1],"tags":[3604,3108],"class_list":["post-10902","post","type-post","status-publish","format-standard","hentry","category-sem-categoria","tag-lauro-paiva","tag-selo-copacabana"],"_links":{"self":[{"href":"https:\/\/www.toque-musicall.com\/index.php?rest_route=\/wp\/v2\/posts\/10902","targetHints":{"allow":["GET"]}}],"collection":[{"href":"https:\/\/www.toque-musicall.com\/index.php?rest_route=\/wp\/v2\/posts"}],"about":[{"href":"https:\/\/www.toque-musicall.com\/index.php?rest_route=\/wp\/v2\/types\/post"}],"author":[{"embeddable":true,"href":"https:\/\/www.toque-musicall.com\/index.php?rest_route=\/wp\/v2\/users\/1"}],"replies":[{"embeddable":true,"href":"https:\/\/www.toque-musicall.com\/index.php?rest_route=%2Fwp%2Fv2%2Fcomments&post=10902"}],"version-history":[{"count":1,"href":"https:\/\/www.toque-musicall.com\/index.php?rest_route=\/wp\/v2\/posts\/10902\/revisions"}],"predecessor-version":[{"id":10903,"href":"https:\/\/www.toque-musicall.com\/index.php?rest_route=\/wp\/v2\/posts\/10902\/revisions\/10903"}],"wp:attachment":[{"href":"https:\/\/www.toque-musicall.com\/index.php?rest_route=%2Fwp%2Fv2%2Fmedia&parent=10902"}],"wp:term":[{"taxonomy":"category","embeddable":true,"href":"https:\/\/www.toque-musicall.com\/index.php?rest_route=%2Fwp%2Fv2%2Fcategories&post=10902"},{"taxonomy":"post_tag","embeddable":true,"href":"https:\/\/www.toque-musicall.com\/index.php?rest_route=%2Fwp%2Fv2%2Ftags&post=10902"}],"curies":[{"name":"wp","href":"https:\/\/api.w.org\/{rel}","templated":true}]}}