{"id":10906,"date":"2024-12-15T18:41:59","date_gmt":"2024-12-15T21:41:59","guid":{"rendered":"https:\/\/www.toque-musicall.com\/?p=10906"},"modified":"2024-12-30T18:43:46","modified_gmt":"2024-12-30T21:43:46","slug":"trio-irakitan-1963","status":"publish","type":"post","link":"https:\/\/www.toque-musicall.com\/?p=10906","title":{"rendered":"Trio Irakitan (1963)"},"content":{"rendered":"\n<figure class=\"wp-block-image size-large\"><img decoding=\"async\" src=\"https:\/\/blogger.googleusercontent.com\/img\/b\/R29vZ2xl\/AVvXsEgpKCyZdADWU2_FRfdtNYZIxn1AuRGYbxss6IWrIeUItWMJCyjvtUEkAIxeZFGtuZoalYMmxFmcFy2FRslqPJAuCwoOxOGGusfcDY84dNYkzGIfpSDnD-BdU7QVgA4Hi9HfoJqbbPM0XXGEV31imsOwPoDHfGG7XQorv8YZicT9E4jbbXB1hRSmwaNHR-r1\/w640-h628\/Capturar.JPG\" alt=\"\"\/><\/figure>\n\n\n\n<figure class=\"wp-block-image size-large\"><img decoding=\"async\" src=\"https:\/\/blogger.googleusercontent.com\/img\/b\/R29vZ2xl\/AVvXsEiUemhtM68zKlUYXNhRHkE5SIfFqG4M8JSl_TT0h-NBePq6pX9UbBhy1_yHWmvRtCbC_mXw7wHAkUQVro9L2amkwywmVDXaj35kqCWApdrUN9TwU43yNq89yMnm9SrMSLFhgwkSBCxYwb0w9nmPyL_y2h3aSQWvFxNddjA7upUcpe3_YKxhgAe_0ureumrI\/w636-h640\/Capturarb.JPG\" alt=\"\"\/><\/figure>\n\n\n<div class=\"separator\">Aqui mais um long-play do lend\u00e1rio Trio Irakitan e no caso, em um dos mais interessantes discos de sua carreira. \u00c1lbum lan\u00e7ado em 1963, pela Odeon. Neste lp vamos encontrar um repert\u00f3rio onde eles flertam com a Bossa Nova, mas tamb\u00e9m h\u00e1 espa\u00e7o para o samba e o bolero. Disco com produ\u00e7\u00e3o art\u00edstica de Ribamar, dire\u00e7\u00e3o de Lyrio Panicalli e orquestra\u00e7\u00f5es de Paulo Tito.<\/div>\n<div class=\"separator\">\u00a0<\/div>\n<div class=\"separator\">l\u00e1 muito al\u00e9m<\/div>\n<div class=\"separator\">camarqadinho<\/div>\n<div class=\"separator\">balansamba<\/div>\n<div class=\"separator\">a flor saudade<\/div>\n<div class=\"separator\">minha imagina\u00e7\u00e3o<\/div>\n<div class=\"separator\">rancho da encruzilhada<\/div>\n<div class=\"separator\">samba simples<\/div>\n<div class=\"separator\">\u00faltimo beijo<\/div>\n<div class=\"separator\">s\u00f3 dan\u00e7o samba<\/div>\n<div class=\"separator\">sozinho<\/div>\n<div class=\"separator\">t\u00e3o s\u00f3<\/div>\n<div class=\"separator\">\u00a0<\/div>\n<div class=\"separator\">\u00a0<\/div>\n<div class=\"separator\">.<\/div>","protected":false},"excerpt":{"rendered":"<p>Aqui mais um long-play do lend\u00e1rio Trio Irakitan e no caso, em um dos mais interessantes discos de sua carreira. \u00c1lbum lan\u00e7ado em 1963, pela Odeon. Neste lp vamos encontrar um repert\u00f3rio onde eles flertam com a Bossa Nova, mas &hellip; <a href=\"https:\/\/www.toque-musicall.com\/?p=10906\">Continue lendo <span class=\"meta-nav\">&rarr;<\/span><\/a><\/p>\n","protected":false},"author":1,"featured_media":0,"comment_status":"closed","ping_status":"closed","sticky":false,"template":"","format":"standard","meta":{"footnotes":""},"categories":[1],"tags":[3153,3550],"class_list":["post-10906","post","type-post","status-publish","format-standard","hentry","category-sem-categoria","tag-selo-odeon","tag-trio-irakitan"],"_links":{"self":[{"href":"https:\/\/www.toque-musicall.com\/index.php?rest_route=\/wp\/v2\/posts\/10906","targetHints":{"allow":["GET"]}}],"collection":[{"href":"https:\/\/www.toque-musicall.com\/index.php?rest_route=\/wp\/v2\/posts"}],"about":[{"href":"https:\/\/www.toque-musicall.com\/index.php?rest_route=\/wp\/v2\/types\/post"}],"author":[{"embeddable":true,"href":"https:\/\/www.toque-musicall.com\/index.php?rest_route=\/wp\/v2\/users\/1"}],"replies":[{"embeddable":true,"href":"https:\/\/www.toque-musicall.com\/index.php?rest_route=%2Fwp%2Fv2%2Fcomments&post=10906"}],"version-history":[{"count":1,"href":"https:\/\/www.toque-musicall.com\/index.php?rest_route=\/wp\/v2\/posts\/10906\/revisions"}],"predecessor-version":[{"id":10907,"href":"https:\/\/www.toque-musicall.com\/index.php?rest_route=\/wp\/v2\/posts\/10906\/revisions\/10907"}],"wp:attachment":[{"href":"https:\/\/www.toque-musicall.com\/index.php?rest_route=%2Fwp%2Fv2%2Fmedia&parent=10906"}],"wp:term":[{"taxonomy":"category","embeddable":true,"href":"https:\/\/www.toque-musicall.com\/index.php?rest_route=%2Fwp%2Fv2%2Fcategories&post=10906"},{"taxonomy":"post_tag","embeddable":true,"href":"https:\/\/www.toque-musicall.com\/index.php?rest_route=%2Fwp%2Fv2%2Ftags&post=10906"}],"curies":[{"name":"wp","href":"https:\/\/api.w.org\/{rel}","templated":true}]}}