{"id":10908,"date":"2024-12-28T18:21:55","date_gmt":"2024-12-28T21:21:55","guid":{"rendered":"https:\/\/www.toque-musicall.com\/?p=10908"},"modified":"2025-01-01T18:24:08","modified_gmt":"2025-01-01T21:24:08","slug":"ellis-regina-o-bem-do-amor-1963","status":"publish","type":"post","link":"https:\/\/www.toque-musicall.com\/?p=10908","title":{"rendered":"Ellis Regina &#8211; O Bem Do Amor (1963)"},"content":{"rendered":"\n<figure class=\"wp-block-image size-large\"><img decoding=\"async\" src=\"https:\/\/blogger.googleusercontent.com\/img\/b\/R29vZ2xl\/AVvXsEhqtltnYFjinCx8Hpt90sF9C5z2wFiNNJi8yij-6s6kRlWCbgXE5pQ05uLeV39ZukuxjRsgWobRxrRNeN8zzRkQMWI31wIt8-pKX6KFagj1NA8L8V3TpT5ogOqfmGO-aR6yEyUEhGCO21z1_8MPmI0U99wPxRyXRFJOt8M0oPSF_a7b5EggeKtkAYAraj0n\/w640-h640\/R-6793118-1426734396-1452.jpg\" alt=\"\"\/><\/figure>\n\n\n\n<figure class=\"wp-block-image size-large\"><img decoding=\"async\" src=\"https:\/\/blogger.googleusercontent.com\/img\/b\/R29vZ2xl\/AVvXsEj1aVDsg8w092-jmG038JgDEaY16W-fsRsJBeA39ZYp_XJVMAWgcwQbvIHmGQ2BIWRn36m3L0tBsJcvKkgNLom_25mA4uuh14YKk6gcZ_jCDhlxTQPZr7bY5t0J-YA22bJ0H52QP1sJZJ54mdcwV7oFU2IQHzCHuSAr55zyL8sig9LxPXDoW-A5rhF1mG1v\/w640-h634\/R-6793118-1534555002-4801.jpg\" alt=\"\"\/><\/figure>\n\n\n<div class=\"separator\">Seguimos aqui j\u00e1 na reta final de 2024 trazendo a inesquec\u00edvel Elis Regina, ainda em seus primeiros momentos fonogr\u00e1ficos. &#8220;O Bem do Amor&#8221; foi seu quarto lp, lan\u00e7ado pelo selo CBS, em 1963. Ainda nesta \u00e9poca Elis assinava com dois L e tamb\u00e9m cantava igual as cantoras da \u00e9poca, usado do famoso vibrato. Ali\u00e1s, \u00e9 a partir deste disco que come\u00e7amos a reconhecer sua voz, a voz que viria a ser sua caracter\u00edstica e que a transformaria numa das maiores cantoras do Brasil. Neste lp ela nos apresenta um repert\u00f3rio essencialmente de sambas. Disco muito bom, com orquestra e dire\u00e7\u00e3o musical de Astor.<\/div>\n<div class=\"separator\">\u00a0<\/div>\n<div class=\"separator\">al\u00f4 saudade<\/div>\n<div class=\"separator\">domingo em copacabana<\/div>\n<div class=\"separator\">h\u00e1 uma historia triste<\/div>\n<div class=\"separator\">manh\u00e3 de amor<\/div>\n<div class=\"separator\">mania de gostar<\/div>\n<div class=\"separator\">meus olhos<\/div>\n<div class=\"separator\">mundo de paz<\/div>\n<div class=\"separator\">bem do amor<\/div>\n<div class=\"separator\">retorno<\/div>\n<div class=\"separator\">saudade e carinho<\/div>\n<div class=\"separator\">se voc\u00ea quiser<\/div>\n<div class=\"separator\">sem teu amor<\/div>\n<div class=\"separator\">\u00a0<\/div>\n<div class=\"separator\">.<\/div>\n<p>&nbsp;<\/p>","protected":false},"excerpt":{"rendered":"<p>Seguimos aqui j\u00e1 na reta final de 2024 trazendo a inesquec\u00edvel Elis Regina, ainda em seus primeiros momentos fonogr\u00e1ficos. &#8220;O Bem do Amor&#8221; foi seu quarto lp, lan\u00e7ado pelo selo CBS, em 1963. Ainda nesta \u00e9poca Elis assinava com dois &hellip; <a href=\"https:\/\/www.toque-musicall.com\/?p=10908\">Continue lendo <span class=\"meta-nav\">&rarr;<\/span><\/a><\/p>\n","protected":false},"author":1,"featured_media":0,"comment_status":"closed","ping_status":"closed","sticky":false,"template":"","format":"standard","meta":{"footnotes":""},"categories":[1],"tags":[3568,3268],"class_list":["post-10908","post","type-post","status-publish","format-standard","hentry","category-sem-categoria","tag-elis-regina","tag-selo-cbs"],"_links":{"self":[{"href":"https:\/\/www.toque-musicall.com\/index.php?rest_route=\/wp\/v2\/posts\/10908","targetHints":{"allow":["GET"]}}],"collection":[{"href":"https:\/\/www.toque-musicall.com\/index.php?rest_route=\/wp\/v2\/posts"}],"about":[{"href":"https:\/\/www.toque-musicall.com\/index.php?rest_route=\/wp\/v2\/types\/post"}],"author":[{"embeddable":true,"href":"https:\/\/www.toque-musicall.com\/index.php?rest_route=\/wp\/v2\/users\/1"}],"replies":[{"embeddable":true,"href":"https:\/\/www.toque-musicall.com\/index.php?rest_route=%2Fwp%2Fv2%2Fcomments&post=10908"}],"version-history":[{"count":1,"href":"https:\/\/www.toque-musicall.com\/index.php?rest_route=\/wp\/v2\/posts\/10908\/revisions"}],"predecessor-version":[{"id":10909,"href":"https:\/\/www.toque-musicall.com\/index.php?rest_route=\/wp\/v2\/posts\/10908\/revisions\/10909"}],"wp:attachment":[{"href":"https:\/\/www.toque-musicall.com\/index.php?rest_route=%2Fwp%2Fv2%2Fmedia&parent=10908"}],"wp:term":[{"taxonomy":"category","embeddable":true,"href":"https:\/\/www.toque-musicall.com\/index.php?rest_route=%2Fwp%2Fv2%2Fcategories&post=10908"},{"taxonomy":"post_tag","embeddable":true,"href":"https:\/\/www.toque-musicall.com\/index.php?rest_route=%2Fwp%2Fv2%2Ftags&post=10908"}],"curies":[{"name":"wp","href":"https:\/\/api.w.org\/{rel}","templated":true}]}}