{"id":10913,"date":"2024-12-31T17:53:19","date_gmt":"2024-12-31T20:53:19","guid":{"rendered":"https:\/\/www.toque-musicall.com\/?p=10913"},"modified":"2025-01-07T17:55:32","modified_gmt":"2025-01-07T20:55:32","slug":"os-cleans-compacto-1966","status":"publish","type":"post","link":"https:\/\/www.toque-musicall.com\/?p=10913","title":{"rendered":"Os Cleans &#8211; Compacto (1966)\u00a0"},"content":{"rendered":"\n<figure class=\"wp-block-image size-large\"><img decoding=\"async\" src=\"https:\/\/blogger.googleusercontent.com\/img\/b\/R29vZ2xl\/AVvXsEi7eUr2xnMZz2W78AVdM-SlPXxluu9AIjCnBmPVVGGK_VCbojhEUbGyP2Fp5gk-FYdJU_ajBLcEsvFmPe15O4H1xa0L5R-FGnkJEXWxKY4YE3n0OXS3tiF9M0XpfUFz5hjoWnCE9CbeokdHOUMf99G50E36ebdlaLxCXICDhLoBZFPv6xfowkvWhJyWPgVl\/w640-h626\/Capturar.JPG\" alt=\"\"\/><\/figure>\n\n\n\n<figure class=\"wp-block-image size-large\"><img decoding=\"async\" src=\"https:\/\/blogger.googleusercontent.com\/img\/b\/R29vZ2xl\/AVvXsEiOC9VvRxpKvFaqR_ziv7fzvh-__ycY_VzjYtCWvo0nO1wNGHBLSLW56sp_YEK6oMEaKKElnyebDb-Azd0Bwyh0QEjE5lQIdRM-F9a6DYiK-fcNl9nxSOmDDZ_btXHZ4sj3lQXECG5Gj6qsCcHiDvYh7MwJn5_mLIZeMpaC-fm3JK97VkMlzXgoPM9WA1Jt\/w640-h624\/Capturarb.JPG\" alt=\"\"\/><\/figure>\n\n\n<div class=\"separator\">Fechamos ent\u00e3o o ano de 2024. Desejamos a todos, amigos cultos, ocultos e observadores um feliz ano novo. Tudo de bom para todos, por\u00e9m, SEM ANISTIA! Como j\u00e1 dizia o pr\u00f3prio ladr\u00e3o, lugar de bandido \u00e9 na cadeia. Com certeza! Que se fa\u00e7a justi\u00e7a e que se pague! T\u00e1 na hora de limpar a casa&#8230;<\/div>\n<div class=\"separator\">E por falar em limpar, eis aqui nosso disco de \u00faltimo dia, um compacto do grupo Os Cleans, conjunto surgido em Canoas, no Rio Grande do Sul, sendo um dos representantes ga\u00fachos da Jovem Guarda. Conforme o texto da contracapa, o grupo ao chegar ao Rio de Janeiro acompanhou Eduardo Ara\u00fajo e logo ganharam destaque e tamb\u00e9m a oportunidade de gravar este que foi o primeiro disco, um compacto simples, lan\u00e7ado por uma editora de jingles, em 1966.<\/div>\n<div class=\"separator\">\u00a0<\/div>\n<div class=\"separator\">um dia que se vai<\/div>\n<div class=\"separator\">faz tanto tempo<\/div>\n<div class=\"separator\">\u00a0<\/div>\n<div class=\"separator\">\u00a0<\/div>\n<div class=\"separator\">.<\/div>","protected":false},"excerpt":{"rendered":"<p>Fechamos ent\u00e3o o ano de 2024. Desejamos a todos, amigos cultos, ocultos e observadores um feliz ano novo. Tudo de bom para todos, por\u00e9m, SEM ANISTIA! Como j\u00e1 dizia o pr\u00f3prio ladr\u00e3o, lugar de bandido \u00e9 na cadeia. Com certeza! &hellip; <a href=\"https:\/\/www.toque-musicall.com\/?p=10913\">Continue lendo <span class=\"meta-nav\">&rarr;<\/span><\/a><\/p>\n","protected":false},"author":1,"featured_media":0,"comment_status":"closed","ping_status":"closed","sticky":false,"template":"","format":"standard","meta":{"footnotes":""},"categories":[1],"tags":[5679,5861,5862],"class_list":["post-10913","post","type-post","status-publish","format-standard","hentry","category-sem-categoria","tag-compacto","tag-os-cleans","tag-selo-pauta"],"_links":{"self":[{"href":"https:\/\/www.toque-musicall.com\/index.php?rest_route=\/wp\/v2\/posts\/10913","targetHints":{"allow":["GET"]}}],"collection":[{"href":"https:\/\/www.toque-musicall.com\/index.php?rest_route=\/wp\/v2\/posts"}],"about":[{"href":"https:\/\/www.toque-musicall.com\/index.php?rest_route=\/wp\/v2\/types\/post"}],"author":[{"embeddable":true,"href":"https:\/\/www.toque-musicall.com\/index.php?rest_route=\/wp\/v2\/users\/1"}],"replies":[{"embeddable":true,"href":"https:\/\/www.toque-musicall.com\/index.php?rest_route=%2Fwp%2Fv2%2Fcomments&post=10913"}],"version-history":[{"count":1,"href":"https:\/\/www.toque-musicall.com\/index.php?rest_route=\/wp\/v2\/posts\/10913\/revisions"}],"predecessor-version":[{"id":10914,"href":"https:\/\/www.toque-musicall.com\/index.php?rest_route=\/wp\/v2\/posts\/10913\/revisions\/10914"}],"wp:attachment":[{"href":"https:\/\/www.toque-musicall.com\/index.php?rest_route=%2Fwp%2Fv2%2Fmedia&parent=10913"}],"wp:term":[{"taxonomy":"category","embeddable":true,"href":"https:\/\/www.toque-musicall.com\/index.php?rest_route=%2Fwp%2Fv2%2Fcategories&post=10913"},{"taxonomy":"post_tag","embeddable":true,"href":"https:\/\/www.toque-musicall.com\/index.php?rest_route=%2Fwp%2Fv2%2Ftags&post=10913"}],"curies":[{"name":"wp","href":"https:\/\/api.w.org\/{rel}","templated":true}]}}