{"id":10918,"date":"2025-01-02T15:11:25","date_gmt":"2025-01-02T18:11:25","guid":{"rendered":"https:\/\/www.toque-musicall.com\/?p=10918"},"modified":"2025-01-13T15:12:55","modified_gmt":"2025-01-13T18:12:55","slug":"primo-e-seu-conjunto-pinta-o-sete-1966","status":"publish","type":"post","link":"https:\/\/www.toque-musicall.com\/?p=10918","title":{"rendered":"Primo E Seu Conjunto &#8211; Pinta O Sete (1966)"},"content":{"rendered":"\n<figure class=\"wp-block-image size-large\"><img decoding=\"async\" src=\"https:\/\/blogger.googleusercontent.com\/img\/b\/R29vZ2xl\/AVvXsEjp8sejWxc3OsK8mZRDGOCdrUZOIBTBJG9X0Llx5KVRwpipiru6UfL2djn87-M6sEg6r_qFIHqxTXLDitMClT7zWldd284pU27wckRFqlydJD282iblr6qCtko8-1atM7K9oNXw1CgivkGQDa26Bb6HWfJcZk8yONmUmNNNUVPC-kuGZ9DDOoZE9Jf7DOF5\/w640-h638\/Capturar.JPG\" alt=\"\"\/><\/figure>\n\n\n\n<figure class=\"wp-block-image size-large\"><img decoding=\"async\" src=\"https:\/\/blogger.googleusercontent.com\/img\/b\/R29vZ2xl\/AVvXsEg33D1O9cxgjJeMcoS5Or-IeqdA6h8E6hzuVnYpBBJ9qGOYN3U6pZHPKUrG0kABPo50m11DJ5TPyuyIoOaM4MzBH1dHii9HA6Zwn2ykSXQ0zrLP0J0k-pKuJe0Byo3_q7MANOLXg-ueOTUeIBoik-1gLefrYpFZQVdEyTC5npr7x4x7itT1XO0W8iJplP2h\/w640-h640\/Capturarb.JPG\" alt=\"\"\/><\/figure>\n\n\n<div class=\"separator\">Olha a\u00ed um disco bacana! Hoje trazemos Primo e Seu Conjunto, em uma produ\u00e7\u00e3o de Nilo S\u00e9rgio para o seu famoso selo Musidisc. Lp lan\u00e7ado em 1966, trazendo um repert\u00f3rio fino de sambas numa linha jazz\u00edstica de primeira. Este disco faz parte de uma s\u00e9rie criada pela gravadora e voltada para a Bossa Nova. J\u00e1 apresentamos aqui um outro disco de Primo, ali\u00e1s, Jo\u00e3o Peixoto Primo, pianista gaucho que nos anos 50 e in\u00edcio dos 60 tinha um conjunto chamado Flamingo, no qual tinha como cantora a jovem Elis Regina. Tamb\u00e9m, como j\u00e1 comentamos, Primo, com a transferencia da capital federal para a nova cidade de Bras\u00edlia, passou a ser uma esp\u00e9cie de m\u00fasico oficial do governo. Durante muitos anos e alguns presidentes, foi o respons\u00e1vel pelo entretenimento musical das gordas festas e bailes do &#8216;playground&#8217; de pol\u00edticos e militares (\u00f4 ra\u00e7a&#8230;)<\/div>\n<div class=\"separator\">\u00a0<\/div>\n<div class=\"separator\">jo\u00e3o quatrocent\u00e3o<\/div>\n<div class=\"separator\">leila<\/div>\n<div class=\"separator\">voc\u00ea \u00e9 de pic-nic<\/div>\n<div class=\"separator\">\u00e9 com pimenta<\/div>\n<div class=\"separator\">romantic partners<\/div>\n<div class=\"separator\">deixa o morro cantar<\/div>\n<div class=\"separator\">gira mundo<\/div>\n<div class=\"separator\">balan\u00e7o do rio<\/div>\n<div class=\"separator\">timb\u00e1-ob\u00e1<\/div>\n<div class=\"separator\">pior pra mim<\/div>\n<div class=\"separator\">\u00e9 de manh\u00e3<\/div>\n<div class=\"separator\">ma\u00e7as e bananas<\/div>\n<div class=\"separator\">\u00a0<\/div>\n<div class=\"separator\">\u00a0<\/div>\n<div class=\"separator\">.<\/div>","protected":false},"excerpt":{"rendered":"<p>Olha a\u00ed um disco bacana! Hoje trazemos Primo e Seu Conjunto, em uma produ\u00e7\u00e3o de Nilo S\u00e9rgio para o seu famoso selo Musidisc. Lp lan\u00e7ado em 1966, trazendo um repert\u00f3rio fino de sambas numa linha jazz\u00edstica de primeira. Este disco &hellip; <a href=\"https:\/\/www.toque-musicall.com\/?p=10918\">Continue lendo <span class=\"meta-nav\">&rarr;<\/span><\/a><\/p>\n","protected":false},"author":1,"featured_media":0,"comment_status":"closed","ping_status":"closed","sticky":false,"template":"","format":"standard","meta":{"footnotes":""},"categories":[1],"tags":[5865,3514],"class_list":["post-10918","post","type-post","status-publish","format-standard","hentry","category-sem-categoria","tag-primo","tag-selo-musidisc"],"_links":{"self":[{"href":"https:\/\/www.toque-musicall.com\/index.php?rest_route=\/wp\/v2\/posts\/10918","targetHints":{"allow":["GET"]}}],"collection":[{"href":"https:\/\/www.toque-musicall.com\/index.php?rest_route=\/wp\/v2\/posts"}],"about":[{"href":"https:\/\/www.toque-musicall.com\/index.php?rest_route=\/wp\/v2\/types\/post"}],"author":[{"embeddable":true,"href":"https:\/\/www.toque-musicall.com\/index.php?rest_route=\/wp\/v2\/users\/1"}],"replies":[{"embeddable":true,"href":"https:\/\/www.toque-musicall.com\/index.php?rest_route=%2Fwp%2Fv2%2Fcomments&post=10918"}],"version-history":[{"count":1,"href":"https:\/\/www.toque-musicall.com\/index.php?rest_route=\/wp\/v2\/posts\/10918\/revisions"}],"predecessor-version":[{"id":10919,"href":"https:\/\/www.toque-musicall.com\/index.php?rest_route=\/wp\/v2\/posts\/10918\/revisions\/10919"}],"wp:attachment":[{"href":"https:\/\/www.toque-musicall.com\/index.php?rest_route=%2Fwp%2Fv2%2Fmedia&parent=10918"}],"wp:term":[{"taxonomy":"category","embeddable":true,"href":"https:\/\/www.toque-musicall.com\/index.php?rest_route=%2Fwp%2Fv2%2Fcategories&post=10918"},{"taxonomy":"post_tag","embeddable":true,"href":"https:\/\/www.toque-musicall.com\/index.php?rest_route=%2Fwp%2Fv2%2Ftags&post=10918"}],"curies":[{"name":"wp","href":"https:\/\/api.w.org\/{rel}","templated":true}]}}