{"id":1092,"date":"2009-09-08T09:21:00","date_gmt":"2009-09-08T09:21:00","guid":{"rendered":"http:\/\/www.toque-musicall.com\/?p=1092"},"modified":"2009-09-08T09:21:00","modified_gmt":"2009-09-08T09:21:00","slug":"manduka-y-los-jaivas-los-suenos-de-america-1974","status":"publish","type":"post","link":"https:\/\/www.toque-musicall.com\/?p=1092","title":{"rendered":"Manduka Y Los Jaivas &#8211; Los Sue\u00f1os De Am\u00e9rica (1974)"},"content":{"rendered":"<p><a href=\"http:\/\/1.bp.blogspot.com\/_DSKVEvHtskc\/SqYihpEaM1I\/AAAAAAAAFU4\/EtvwwP2mHd4\/s1600-h\/Manduka+Y+Los+Jaivas+-+Los+Sue%C3%B1os+De+America+-+P.JPG\"><img decoding=\"async\" style=\"display:block; margin:0px auto 10px; text-align:center;cursor:pointer; cursor:hand;width: 400px; height: 400px;\" src=\"http:\/\/1.bp.blogspot.com\/_DSKVEvHtskc\/SqYihpEaM1I\/AAAAAAAAFU4\/EtvwwP2mHd4\/s400\/Manduka+Y+Los+Jaivas+-+Los+Sue%C3%B1os+De+America+-+P.JPG\" border=\"0\" alt=\"\" id=\"BLOGGER_PHOTO_ID_5379024766296011602\" \/><\/a>Bom dia gente! Com o feriado de ontem, fiquei com a sensa\u00e7\u00e3o de que a segunda-feira estaria come\u00e7ando hoje. Vamos ter uma semana curta. Ent\u00e3o vamos curtir direito. Vou dedicar esses dias que vir\u00e3o a postar algumas vers\u00f5es em cd. Isso ir\u00e1 me facilitar a vida e tamb\u00e9m \u00e9 a oportunidade de postar aqui alguns presentinhos que venho ganhando ao longo do tempo.<\/p>\n<div>Come\u00e7o com este cd do Manduka e o conjunto Los Jaivas, vindo diretamente do Chile. Um presente de quase 1 ano, enviado atenciosamente pelo &#8216;hermano&#8217; Luis Carrido (gracias!) e que s\u00f3 agora estou tendo a oportunidade de postar. N\u00e3o o fiz antes por achar um tanto que desnecess\u00e1rio, pois este disco, embora raro em nosso pa\u00eds, j\u00e1 foi bem divulgado em outros blogs. Mas acho que agora \u00e9 um bom momento e por certo ele para muitos passou batido&#8230;<\/div>\n<div>&#8220;Los Sue\u00f1os de America&#8221; \u00e9 um dos muitos \u00e1lbuns de Manduka lan\u00e7ados fora do Brasil. Ali\u00e1s pouqu\u00edssima coisa deste saudoso artista foi publicada no pa\u00eds. No presente \u00e1lbum temos ele ao lado de um dos mais tradicionais e duradouros grupos chilenos, Los Jaivas. O disco sintetiza um momento ainda muito forte da chamada Nueva Canci\u00f3n, a m\u00fasica de protesto latino americana. H\u00e1 tamb\u00e9m neste disco uma \u00e1urea jovem que reflete a influ\u00eancia experimental e internacional do jovem Manduka. Um disco curto e grosso (no melhor dos bons sentidos). Foi lan\u00e7ado no Chile em 1974, reeditado na Europa e novamente relan\u00e7ado em vers\u00e3o cd, mas nunca chegou por aqui, pelo menos que eu saiba&#8230;<\/div>\n<div><\/div>\n<div style=\"text-align: center;\">don juan de la suerte<\/div>\n<div style=\"text-align: center;\">la centinela<\/div>\n<div style=\"text-align: center;\">date una vuelta en el aire<\/div>\n<div style=\"text-align: center;\">t\u00e1 bom t\u00e1 quet\u00e1<\/div>\n<div style=\"text-align: center;\">traguito de ron<\/div>\n<div style=\"text-align: center;\">los sue\u00f1os de am\u00e9rica<\/div>\n<div style=\"text-align: center;\">primer encontro latinoamericano de la soledad<\/div>\n<div style=\"text-align: center;\"><\/div>\n<div style=\"text-align: center;\"><\/div>\n","protected":false},"excerpt":{"rendered":"<p>Bom dia gente! Com o feriado de ontem, fiquei com a sensa\u00e7\u00e3o de que a segunda-feira estaria come\u00e7ando hoje. Vamos ter uma semana curta. Ent\u00e3o vamos curtir direito. Vou dedicar esses dias que vir\u00e3o a postar algumas vers\u00f5es em cd. &hellip; <a href=\"https:\/\/www.toque-musicall.com\/?p=1092\">Continue lendo <span class=\"meta-nav\">&rarr;<\/span><\/a><\/p>\n","protected":false},"author":1,"featured_media":0,"comment_status":"open","ping_status":"closed","sticky":false,"template":"","format":"standard","meta":{"footnotes":""},"categories":[1351],"tags":[],"class_list":["post-1092","post","type-post","status-publish","format-standard","hentry","category-manduka"],"_links":{"self":[{"href":"https:\/\/www.toque-musicall.com\/index.php?rest_route=\/wp\/v2\/posts\/1092","targetHints":{"allow":["GET"]}}],"collection":[{"href":"https:\/\/www.toque-musicall.com\/index.php?rest_route=\/wp\/v2\/posts"}],"about":[{"href":"https:\/\/www.toque-musicall.com\/index.php?rest_route=\/wp\/v2\/types\/post"}],"author":[{"embeddable":true,"href":"https:\/\/www.toque-musicall.com\/index.php?rest_route=\/wp\/v2\/users\/1"}],"replies":[{"embeddable":true,"href":"https:\/\/www.toque-musicall.com\/index.php?rest_route=%2Fwp%2Fv2%2Fcomments&post=1092"}],"version-history":[{"count":0,"href":"https:\/\/www.toque-musicall.com\/index.php?rest_route=\/wp\/v2\/posts\/1092\/revisions"}],"wp:attachment":[{"href":"https:\/\/www.toque-musicall.com\/index.php?rest_route=%2Fwp%2Fv2%2Fmedia&parent=1092"}],"wp:term":[{"taxonomy":"category","embeddable":true,"href":"https:\/\/www.toque-musicall.com\/index.php?rest_route=%2Fwp%2Fv2%2Fcategories&post=1092"},{"taxonomy":"post_tag","embeddable":true,"href":"https:\/\/www.toque-musicall.com\/index.php?rest_route=%2Fwp%2Fv2%2Ftags&post=1092"}],"curies":[{"name":"wp","href":"https:\/\/api.w.org\/{rel}","templated":true}]}}