{"id":10922,"date":"2025-01-04T20:14:55","date_gmt":"2025-01-04T23:14:55","guid":{"rendered":"https:\/\/www.toque-musicall.com\/?p=10922"},"modified":"2025-01-16T20:17:22","modified_gmt":"2025-01-16T23:17:22","slug":"dalva-de-andrade-1959","status":"publish","type":"post","link":"https:\/\/www.toque-musicall.com\/?p=10922","title":{"rendered":"Dalva De Andrade (1959)"},"content":{"rendered":"\n<figure class=\"wp-block-image size-large\"><img decoding=\"async\" src=\"https:\/\/blogger.googleusercontent.com\/img\/b\/R29vZ2xl\/AVvXsEiXKGqnvbxV-QnSlUCvYJaprYJ42t24Cle9Xm-dQ7EMYkYOiJUkmyMMIsso71zJALS7kEwCOCc478y3GOerL_7t63FaCCDd3swh1aV3yDu58vxJgTIPkqn5Kz_9E5bUFS1vnpnS1QyyYSTgZklNeWEl0rMj4npNc3e9dxakQlSECqaKJKTfhtKKjQRcLcKJ\/w640-h632\/Capturar.JPG\" alt=\"\"\/><\/figure>\n\n\n\n<figure class=\"wp-block-image size-large\"><img decoding=\"async\" src=\"https:\/\/blogger.googleusercontent.com\/img\/b\/R29vZ2xl\/AVvXsEjfpH8MwS0MYEgXkS9uKIdcLHtBzbLfg9Ej08SH3Htbkc-dMzE0rhOHIoiO28L9ffO843stY04W2zWkRPtFpfS5mrwtctnlmmxNjEnv17VJpf0imu3oXKUXHdRfd-z1nrOzlnhkmKsgXSZBJFD5D7XB45fGe7kkqn7Bk94BO-0IrJOnnp7WHRr-emhVmIrm\/w640-h636\/Capturarb.JPG\" alt=\"\"\/><\/figure>\n\n\n<div class=\"separator\">Seguindo em nosso novo ano, desta vez trazendo a cantora Dalva de Andrade. J\u00e1 apresentamos no Toque Musical outros discos dela e agora vamos com este compacto duplo de 45 rpm lan\u00e7ado pelo selo Polydor em 1959. O disquinho, como se pode ver traz quatro faixas, sendo tr\u00eas sambas e um beguine.\u00a0<\/div>\n<div class=\"separator\">\u00a0<\/div>\n<div class=\"separator\">flamigo<\/div>\n<div class=\"separator\">eu sei que vou te amar<\/div>\n<div class=\"separator\">sou eu<\/div>\n<div class=\"separator\">\u00e9 luxo s\u00f3<\/div>\n<div class=\"separator\">\u00a0<\/div>\n<div class=\"separator\">.<\/div>","protected":false},"excerpt":{"rendered":"<p>Seguindo em nosso novo ano, desta vez trazendo a cantora Dalva de Andrade. J\u00e1 apresentamos no Toque Musical outros discos dela e agora vamos com este compacto duplo de 45 rpm lan\u00e7ado pelo selo Polydor em 1959. O disquinho, como &hellip; <a href=\"https:\/\/www.toque-musicall.com\/?p=10922\">Continue lendo <span class=\"meta-nav\">&rarr;<\/span><\/a><\/p>\n","protected":false},"author":1,"featured_media":0,"comment_status":"closed","ping_status":"closed","sticky":false,"template":"","format":"standard","meta":{"footnotes":""},"categories":[1],"tags":[3072,4672,3057],"class_list":["post-10922","post","type-post","status-publish","format-standard","hentry","category-sem-categoria","tag-compactos","tag-dalva-de-andrade","tag-selo-polydor"],"_links":{"self":[{"href":"https:\/\/www.toque-musicall.com\/index.php?rest_route=\/wp\/v2\/posts\/10922","targetHints":{"allow":["GET"]}}],"collection":[{"href":"https:\/\/www.toque-musicall.com\/index.php?rest_route=\/wp\/v2\/posts"}],"about":[{"href":"https:\/\/www.toque-musicall.com\/index.php?rest_route=\/wp\/v2\/types\/post"}],"author":[{"embeddable":true,"href":"https:\/\/www.toque-musicall.com\/index.php?rest_route=\/wp\/v2\/users\/1"}],"replies":[{"embeddable":true,"href":"https:\/\/www.toque-musicall.com\/index.php?rest_route=%2Fwp%2Fv2%2Fcomments&post=10922"}],"version-history":[{"count":1,"href":"https:\/\/www.toque-musicall.com\/index.php?rest_route=\/wp\/v2\/posts\/10922\/revisions"}],"predecessor-version":[{"id":10923,"href":"https:\/\/www.toque-musicall.com\/index.php?rest_route=\/wp\/v2\/posts\/10922\/revisions\/10923"}],"wp:attachment":[{"href":"https:\/\/www.toque-musicall.com\/index.php?rest_route=%2Fwp%2Fv2%2Fmedia&parent=10922"}],"wp:term":[{"taxonomy":"category","embeddable":true,"href":"https:\/\/www.toque-musicall.com\/index.php?rest_route=%2Fwp%2Fv2%2Fcategories&post=10922"},{"taxonomy":"post_tag","embeddable":true,"href":"https:\/\/www.toque-musicall.com\/index.php?rest_route=%2Fwp%2Fv2%2Ftags&post=10922"}],"curies":[{"name":"wp","href":"https:\/\/api.w.org\/{rel}","templated":true}]}}