{"id":10926,"date":"2025-01-06T19:38:54","date_gmt":"2025-01-06T22:38:54","guid":{"rendered":"https:\/\/www.toque-musicall.com\/?p=10926"},"modified":"2025-01-20T19:40:39","modified_gmt":"2025-01-20T22:40:39","slug":"elizeth-cardoso-uma-rosa-para-pixinguinha-1983","status":"publish","type":"post","link":"https:\/\/www.toque-musicall.com\/?p=10926","title":{"rendered":"Elizeth Cardoso &#8211; Uma Rosa Para Pixinguinha (1983)"},"content":{"rendered":"\n<figure class=\"wp-block-image size-large\"><img decoding=\"async\" src=\"https:\/\/blogger.googleusercontent.com\/img\/b\/R29vZ2xl\/AVvXsEhRINPQyD7rGIQ7AyA3Iwh6Db72ifGjzH8A4Iaug1wxLu_R-EpYGSa3V8UOTjbiBVWj7GH5vHFVqWVk49MYfFScrttc41OK7Z0-Z9QO0ePEO5fnCjLjjRHT-qdgpbV0_EHiIMjlYaUDY3vwZdjPF3SJG068LqlifosTPC2ttUXEp7FhFfmfWBDWCVszulZX\/w632-h640\/Capturar.JPG\" alt=\"\"\/><\/figure>\n\n\n\n<figure class=\"wp-block-image size-large\"><img decoding=\"async\" src=\"https:\/\/blogger.googleusercontent.com\/img\/b\/R29vZ2xl\/AVvXsEiStikMOH34i9F9HVPiqlDTivXavaYM8aZPgtS-cyA8C1iqBqEZGSur1u3q-XDGtDk4jYQ9rBrLnNA8_oetATM5ks0JCcrl3uiXSDU0qE-vbRFr5AZAmxQ5_wZX-O4-2AaLBFy9j66SFpYk63telAqh-H-zFAQ0xvzBW_DPp5z6rMYEqI6MN0bFa0Okq7tc\/w630-h640\/Capturarb.JPG\" alt=\"\"\/><\/figure>\n\n\n<div class=\"separator\">E agora, vamos com grande Elizeth Cardoso ao lado de outro grande nome, Radam\u00e9s Gnattali e a Camerata Carioca num registro hist\u00f3rico de um show ao vivo, em espet\u00e1culo criado por T\u00falio Feliciano e dedicado \u00e0 Pixinguinha, apresentando em 1983 na Sala Sidney Miller, da Funarte, RJ. &#8220;Uma Rosa Para Pixinguinha&#8221; foi um momento realmente memor\u00e1vel, que valeu ser lan\u00e7ado em disco naquele mesmo ano.<\/div>\n<div class=\"separator\">\u00a0<\/div>\n<div class=\"separator\">mundo melhor &#8211; isso \u00e9 que \u00e9 viver<\/div>\n<div class=\"separator\">fala baixinho<\/div>\n<div class=\"separator\">ing\u00eanuo<\/div>\n<div class=\"separator\">p\u00e1gina de dor<\/div>\n<div class=\"separator\">lamento<\/div>\n<div class=\"separator\">patr\u00e3o prenda seu gado<\/div>\n<div class=\"separator\">uma rosa pro pixinguinha rosa<\/div>\n<div class=\"separator\">carinhoso<\/div>\n<div class=\"separator\">rosa f\u00fanebre<\/div>\n<div class=\"separator\">\u00a0<\/div>\n<div class=\"separator\">\u00a0<\/div>","protected":false},"excerpt":{"rendered":"<p>E agora, vamos com grande Elizeth Cardoso ao lado de outro grande nome, Radam\u00e9s Gnattali e a Camerata Carioca num registro hist\u00f3rico de um show ao vivo, em espet\u00e1culo criado por T\u00falio Feliciano e dedicado \u00e0 Pixinguinha, apresentando em 1983 &hellip; <a href=\"https:\/\/www.toque-musicall.com\/?p=10926\">Continue lendo <span class=\"meta-nav\">&rarr;<\/span><\/a><\/p>\n","protected":false},"author":1,"featured_media":0,"comment_status":"closed","ping_status":"closed","sticky":false,"template":"","format":"standard","meta":{"footnotes":""},"categories":[1],"tags":[4807,3562,4764,5271],"class_list":["post-10926","post","type-post","status-publish","format-standard","hentry","category-sem-categoria","tag-camerata-carioca","tag-elizeth-cardoso","tag-radames-gnattali","tag-selo-funarte"],"_links":{"self":[{"href":"https:\/\/www.toque-musicall.com\/index.php?rest_route=\/wp\/v2\/posts\/10926","targetHints":{"allow":["GET"]}}],"collection":[{"href":"https:\/\/www.toque-musicall.com\/index.php?rest_route=\/wp\/v2\/posts"}],"about":[{"href":"https:\/\/www.toque-musicall.com\/index.php?rest_route=\/wp\/v2\/types\/post"}],"author":[{"embeddable":true,"href":"https:\/\/www.toque-musicall.com\/index.php?rest_route=\/wp\/v2\/users\/1"}],"replies":[{"embeddable":true,"href":"https:\/\/www.toque-musicall.com\/index.php?rest_route=%2Fwp%2Fv2%2Fcomments&post=10926"}],"version-history":[{"count":1,"href":"https:\/\/www.toque-musicall.com\/index.php?rest_route=\/wp\/v2\/posts\/10926\/revisions"}],"predecessor-version":[{"id":10927,"href":"https:\/\/www.toque-musicall.com\/index.php?rest_route=\/wp\/v2\/posts\/10926\/revisions\/10927"}],"wp:attachment":[{"href":"https:\/\/www.toque-musicall.com\/index.php?rest_route=%2Fwp%2Fv2%2Fmedia&parent=10926"}],"wp:term":[{"taxonomy":"category","embeddable":true,"href":"https:\/\/www.toque-musicall.com\/index.php?rest_route=%2Fwp%2Fv2%2Fcategories&post=10926"},{"taxonomy":"post_tag","embeddable":true,"href":"https:\/\/www.toque-musicall.com\/index.php?rest_route=%2Fwp%2Fv2%2Ftags&post=10926"}],"curies":[{"name":"wp","href":"https:\/\/api.w.org\/{rel}","templated":true}]}}