{"id":1093,"date":"2009-09-07T22:04:00","date_gmt":"2009-09-07T22:04:00","guid":{"rendered":"http:\/\/www.toque-musicall.com\/?p=1093"},"modified":"2009-09-07T22:04:00","modified_gmt":"2009-09-07T22:04:00","slug":"antonio-adolfo-encontro-musical-1978","status":"publish","type":"post","link":"https:\/\/www.toque-musicall.com\/?p=1093","title":{"rendered":"Antonio Adolfo &#8211; Encontro Musical (1978)"},"content":{"rendered":"<p><a href=\"http:\/\/1.bp.blogspot.com\/_DSKVEvHtskc\/SqWMHY3AD2I\/AAAAAAAAFUs\/7cXBmIvSP3w\/s1600-h\/Antonio+Adolfo+-+Encontro+Musical+P.JPG\"><img decoding=\"async\" style=\"display:block; margin:0px auto 10px; text-align:center;cursor:pointer; cursor:hand;width: 400px; height: 399px;\" src=\"http:\/\/1.bp.blogspot.com\/_DSKVEvHtskc\/SqWMHY3AD2I\/AAAAAAAAFUs\/7cXBmIvSP3w\/s400\/Antonio+Adolfo+-+Encontro+Musical+P.JPG\" border=\"0\" alt=\"\" id=\"BLOGGER_PHOTO_ID_5378859388524040034\" \/><\/a>Ol\u00e1! Sendo hoje comemorado o Dia da Independ\u00eancia do Brasil eu fiquei dividido entre uma postagem do Hino Nacional cantado pela Faf\u00e1 de Bel\u00e9m ou aproveitar o &#8216;gancho&#8217; para fazer deste tamb\u00e9m o nosso dia do artista\/disco independente da semana. Obviamente fiquei com a segunda op\u00e7\u00e3o e para tanto escalei ningu\u00e9m menos que o pioneiro do disco independente, o genial Antonio Adolfo. Figura j\u00e1 bem divulgada aqui no Toque Musical, o Brazuka vem mais uma vez com este disco nota 10! &#8220;Encontro Musical&#8221; \u00e9 realmente um trabalho maravilhoso. Foi o segundo disco pelo selo Artezanal. Aqui encontramos um time de primeir\u00edssima, como Tutti Moreno, Chico Batera, Joyce, Rildo Horta, Erasmo Carlos e outros. Como destaque temos &#8220;Leve como o vento&#8221;,  um bel\u00edssima m\u00fasica cantada por Erasmo e com um solo de gaita do Rildo Horta. &#8220;As coisas que tenho a dizer&#8221; \u00e9 outra faixa bem divulgada do disco. Tem tamb\u00e9m &#8220;Can\u00e7oneta&#8221; com vocal de Joyce. Lindo! Mas tem tamb\u00e9m o resto do disco, que \u00e9 um reflexo de toda essa beleza. Em resumo, o disco todo \u00e9 demais! Confiram&#8230;<\/p>\n<div><\/div>\n<div style=\"text-align: center;\">s\u00e1 marina<\/div>\n<div style=\"text-align: center;\">balada<\/div>\n<div style=\"text-align: center;\">a volta do sanfoneiro<\/div>\n<div style=\"text-align: center;\">um passeio na mente<\/div>\n<div style=\"text-align: center;\">em bras\u00edlia<\/div>\n<div style=\"text-align: center;\">nas quebradas davida<\/div>\n<div style=\"text-align: center;\">leve como o vento<\/div>\n<div style=\"text-align: center;\">as coisas que tenho a dizer<\/div>\n<div style=\"text-align: center;\">carola<\/div>\n<div style=\"text-align: center;\">o sil\u00eancio da montanha<\/div>\n<div style=\"text-align: center;\">prel\u00fadio em d\u00f3 menor<\/div>\n<div style=\"text-align: center;\">can\u00e7oneta<\/div>\n<div style=\"text-align: center;\"><\/div>\n<div style=\"text-align: center;\"><\/div>\n","protected":false},"excerpt":{"rendered":"<p>Ol\u00e1! Sendo hoje comemorado o Dia da Independ\u00eancia do Brasil eu fiquei dividido entre uma postagem do Hino Nacional cantado pela Faf\u00e1 de Bel\u00e9m ou aproveitar o &#8216;gancho&#8217; para fazer deste tamb\u00e9m o nosso dia do artista\/disco independente da semana. &hellip; <a href=\"https:\/\/www.toque-musicall.com\/?p=1093\">Continue lendo <span class=\"meta-nav\">&rarr;<\/span><\/a><\/p>\n","protected":false},"author":1,"featured_media":0,"comment_status":"open","ping_status":"closed","sticky":false,"template":"","format":"standard","meta":{"footnotes":""},"categories":[937],"tags":[],"class_list":["post-1093","post","type-post","status-publish","format-standard","hentry","category-antonio-adolfo"],"_links":{"self":[{"href":"https:\/\/www.toque-musicall.com\/index.php?rest_route=\/wp\/v2\/posts\/1093","targetHints":{"allow":["GET"]}}],"collection":[{"href":"https:\/\/www.toque-musicall.com\/index.php?rest_route=\/wp\/v2\/posts"}],"about":[{"href":"https:\/\/www.toque-musicall.com\/index.php?rest_route=\/wp\/v2\/types\/post"}],"author":[{"embeddable":true,"href":"https:\/\/www.toque-musicall.com\/index.php?rest_route=\/wp\/v2\/users\/1"}],"replies":[{"embeddable":true,"href":"https:\/\/www.toque-musicall.com\/index.php?rest_route=%2Fwp%2Fv2%2Fcomments&post=1093"}],"version-history":[{"count":0,"href":"https:\/\/www.toque-musicall.com\/index.php?rest_route=\/wp\/v2\/posts\/1093\/revisions"}],"wp:attachment":[{"href":"https:\/\/www.toque-musicall.com\/index.php?rest_route=%2Fwp%2Fv2%2Fmedia&parent=1093"}],"wp:term":[{"taxonomy":"category","embeddable":true,"href":"https:\/\/www.toque-musicall.com\/index.php?rest_route=%2Fwp%2Fv2%2Fcategories&post=1093"},{"taxonomy":"post_tag","embeddable":true,"href":"https:\/\/www.toque-musicall.com\/index.php?rest_route=%2Fwp%2Fv2%2Ftags&post=1093"}],"curies":[{"name":"wp","href":"https:\/\/api.w.org\/{rel}","templated":true}]}}