{"id":10930,"date":"2025-01-08T19:43:09","date_gmt":"2025-01-08T22:43:09","guid":{"rendered":"https:\/\/www.toque-musicall.com\/?p=10930"},"modified":"2025-01-20T19:44:39","modified_gmt":"2025-01-20T22:44:39","slug":"rosinha-de-valenca-encontro-das-aguas-1983","status":"publish","type":"post","link":"https:\/\/www.toque-musicall.com\/?p=10930","title":{"rendered":"Rosinha De Valen\u00e7a &#8211; Encontro Das \u00c1guas (1983)"},"content":{"rendered":"\n<figure class=\"wp-block-image size-large\"><img decoding=\"async\" src=\"https:\/\/blogger.googleusercontent.com\/img\/b\/R29vZ2xl\/AVvXsEjIaMBf2cJ83_MptXkgF_NMedVi8sUaplpNLz9mfV-dj0haTmiOjWs8Oc7H5TJNjesJ5yHwLFvuhzofdSWZmo-jhdGz4svpVgzcKjzl4XFR6CFtxZGxBV8-J1jlsIav0EGWD9xqCMDlejjPz78ZMFXHYWO2S-BFGj7OkKEaJtV0Xbdt7OosbyRlEvdm3iMF\/w640-h624\/Capturar.JPG\" alt=\"\"\/><\/figure>\n\n\n\n<figure class=\"wp-block-image size-large\"><img decoding=\"async\" src=\"https:\/\/blogger.googleusercontent.com\/img\/b\/R29vZ2xl\/AVvXsEgInh73VhhFSuEXZbhAo-orAYf8oMobd3_IRwH7F9JzbV5jP6PDpXTPC4XHyWoVWU94Z0iPwRAT8b352CCDN8MWvFJ7aiXyKll18ML7S_YGjuAF3nmRDSDpOU_BqXc_bamSa2UoonYQ7brePdbarqL0ZSgtt21jSGTxodLGC7eEMPRGEJyA3ITpYwpjRwZ5\/w640-h632\/Capturarb.JPG\" alt=\"\"\/><\/figure>\n\n\n<div class=\"separator\">E mais uma vez, vamos com Rosinha de Valen\u00e7a, compositora e violonista de primeir\u00edssima linha, neste lp, &#8220;Encontro das \u00c1guas&#8221;, disco lan\u00e7ado de forma quase independente, produzido por Stella Fonseca, em 1983. Os arranjos s\u00e3o de Nelson Angelo que tamb\u00e9m participa como compositor e artista. Disco super bacana e por certo, pouco conhecido do grande p\u00fablico.<\/div>\n<div class=\"separator\">\u00a0<\/div>\n<div class=\"separator\">o \u00edndio e a luz &#8211; vale do incas<\/div>\n<div class=\"separator\">sentimentos<\/div>\n<div class=\"separator\">encontro da \u00e1guas<\/div>\n<div class=\"separator\">os peixes<\/div>\n<div class=\"separator\">carta ao brasil<\/div>\n<div class=\"separator\">tema de amor de gabriela<\/div>\n<div class=\"separator\">ligeirinho<\/div>\n<div class=\"separator\">tema de cu\u00edca<\/div>\n<div class=\"separator\">tamarindo<\/div>\n<div class=\"separator\">sabor marron<\/div>\n<div class=\"separator\">periquito<\/div>\n<div class=\"separator\">\u00a0<\/div>\n<div class=\"separator\">.<\/div>\n<div class=\"separator\">\u00a0<\/div>","protected":false},"excerpt":{"rendered":"<p>E mais uma vez, vamos com Rosinha de Valen\u00e7a, compositora e violonista de primeir\u00edssima linha, neste lp, &#8220;Encontro das \u00c1guas&#8221;, disco lan\u00e7ado de forma quase independente, produzido por Stella Fonseca, em 1983. Os arranjos s\u00e3o de Nelson Angelo que tamb\u00e9m &hellip; <a href=\"https:\/\/www.toque-musicall.com\/?p=10930\">Continue lendo <span class=\"meta-nav\">&rarr;<\/span><\/a><\/p>\n","protected":false},"author":1,"featured_media":0,"comment_status":"closed","ping_status":"closed","sticky":false,"template":"","format":"standard","meta":{"footnotes":""},"categories":[1],"tags":[3490,3017],"class_list":["post-10930","post","type-post","status-publish","format-standard","hentry","category-sem-categoria","tag-rosinha-de-valenca","tag-selo-independente"],"_links":{"self":[{"href":"https:\/\/www.toque-musicall.com\/index.php?rest_route=\/wp\/v2\/posts\/10930","targetHints":{"allow":["GET"]}}],"collection":[{"href":"https:\/\/www.toque-musicall.com\/index.php?rest_route=\/wp\/v2\/posts"}],"about":[{"href":"https:\/\/www.toque-musicall.com\/index.php?rest_route=\/wp\/v2\/types\/post"}],"author":[{"embeddable":true,"href":"https:\/\/www.toque-musicall.com\/index.php?rest_route=\/wp\/v2\/users\/1"}],"replies":[{"embeddable":true,"href":"https:\/\/www.toque-musicall.com\/index.php?rest_route=%2Fwp%2Fv2%2Fcomments&post=10930"}],"version-history":[{"count":1,"href":"https:\/\/www.toque-musicall.com\/index.php?rest_route=\/wp\/v2\/posts\/10930\/revisions"}],"predecessor-version":[{"id":10931,"href":"https:\/\/www.toque-musicall.com\/index.php?rest_route=\/wp\/v2\/posts\/10930\/revisions\/10931"}],"wp:attachment":[{"href":"https:\/\/www.toque-musicall.com\/index.php?rest_route=%2Fwp%2Fv2%2Fmedia&parent=10930"}],"wp:term":[{"taxonomy":"category","embeddable":true,"href":"https:\/\/www.toque-musicall.com\/index.php?rest_route=%2Fwp%2Fv2%2Fcategories&post=10930"},{"taxonomy":"post_tag","embeddable":true,"href":"https:\/\/www.toque-musicall.com\/index.php?rest_route=%2Fwp%2Fv2%2Ftags&post=10930"}],"curies":[{"name":"wp","href":"https:\/\/api.w.org\/{rel}","templated":true}]}}