{"id":10942,"date":"2025-01-13T19:37:27","date_gmt":"2025-01-13T22:37:27","guid":{"rendered":"https:\/\/www.toque-musicall.com\/?p=10942"},"modified":"2025-01-31T19:38:57","modified_gmt":"2025-01-31T22:38:57","slug":"salinas-atlantis-1973","status":"publish","type":"post","link":"https:\/\/www.toque-musicall.com\/?p=10942","title":{"rendered":"Salinas &#8211; Atlantis (1973)"},"content":{"rendered":"\n<figure class=\"wp-block-image size-large\"><img decoding=\"async\" src=\"https:\/\/blogger.googleusercontent.com\/img\/b\/R29vZ2xl\/AVvXsEjSWQHH3WKRxah2crIjjNIclKxQJIsADVCk32rlmCBME53ETTGfR5DjLVyLOK02CK7VGzH-x4wEoPxlXX9KG5H-TrgGOtGuHIyPHA9hUrrdJaGpjtw_Lk5sx2KIdB4Ktf-mKLibt4tMrYF4s7fcPcEtwcK9I1mGBQfQHy3Sq_z2xZXJRUQkQRFZpmT53xgU\/w640-h640\/capa.jpg\" alt=\"\"\/><\/figure>\n\n\n\n<figure class=\"wp-block-image size-large\"><img decoding=\"async\" src=\"https:\/\/blogger.googleusercontent.com\/img\/b\/R29vZ2xl\/AVvXsEhENc5sKyd60KTWeH1XZrC9Sc5lsqb84Pu3e-tSYwLlkEJFV1d2mLu9g1fgRdcLlzvy4tHum5z_Y4hITEhFBOftCYiVSNfMcuFRk0aAdDnNqd5rFB9hj7ylYxudOZo7gCLgBcsxeda6ue5v-X0MbbA7IPK0I0ttZJLlkKNih-_PVvCH9VSmsSBsm-8oB2Nn\/w640-h620\/contra%20int.jpg\" alt=\"\"\/><\/figure>\n\n\n<div class=\"separator\">A d\u00e9cada de 70 foi, sem d\u00favida, um dos melhores momentos da ind\u00fastria fonogr\u00e1fica e porque n\u00e3o dizer, da m\u00fasica popular. Isso fica bem evidente nas produ\u00e7\u00f5es daquela \u00e9poca. O ano de 1973 \u00e9 notadamente sua melhor safra, quando ent\u00e3o muitos discos bacanas e importantes foram lan\u00e7ados. Interessante tamb\u00e9m notar a qualidade que as gravadoras dispensavam \u00e0s suas produ\u00e7\u00f5es. Aqui um bom exemplo de um \u00e1lbum lan\u00e7ado pela Top Tape, apresentando Salinas (Daniel Salinas), pianista, compositor e arranjador veterano com v\u00e1rios trabalhos em discos desde os anos 50. Aqui, nos anos 70, ele segue uma roupagem mais moderna, numa produ\u00e7\u00e3o de Mickael e com a participa\u00e7\u00e3o especial de S\u00e9rgio S\u00e1. Um disco bem curioso e atraente, tanto na apresenta\u00e7\u00e3o visual, capa dupla e laminada, com uma arte que lembra disco de banda de rock progressivo. Por\u00e9m a pegada aqui \u00e9 bem mais pr\u00f3xima de Eumir Deodato, inspira\u00e7\u00e3o total em &#8220;Prelude&#8221;, disco marcado pelo sucesso da vers\u00e3o para &#8220;Also Sprach Zarathustra&#8221;, de Stauss. Discaradamente, em Atlantis, S\u00e9rgio S\u00e1 traz sua &#8220;Straussmania&#8221; evidenciando as influencias no \u00e1lbum americano. Mas tudo isso acaba tomando outro sentido considerando o repert\u00f3rio num todo e o empenho e a qualidade dos m\u00fasicos envolvidos no projeto. Este disco voltou a ser relan\u00e7ado em 2005 em uma pequena tiragem para colecionadores. Vale a pena conhecer&#8230;<\/div>\n<div class=\"separator\">\u00a0<\/div>\n<div class=\"separator\">like a rainy night<\/div>\n<div class=\"separator\">no brooken heart<\/div>\n<div class=\"separator\">bai\u00e3o<\/div>\n<div class=\"separator\">straussmania<\/div>\n<div class=\"separator\">bridge over troubled water<\/div>\n<div class=\"separator\">a song<\/div>\n<div class=\"separator\">for a helping hand<\/div>\n<div class=\"separator\">atlantis<\/div>\n<div class=\"separator\">\u00a0<\/div>\n<div class=\"separator\">\u00a0<\/div>","protected":false},"excerpt":{"rendered":"<p>A d\u00e9cada de 70 foi, sem d\u00favida, um dos melhores momentos da ind\u00fastria fonogr\u00e1fica e porque n\u00e3o dizer, da m\u00fasica popular. Isso fica bem evidente nas produ\u00e7\u00f5es daquela \u00e9poca. O ano de 1973 \u00e9 notadamente sua melhor safra, quando ent\u00e3o &hellip; <a href=\"https:\/\/www.toque-musicall.com\/?p=10942\">Continue lendo <span class=\"meta-nav\">&rarr;<\/span><\/a><\/p>\n","protected":false},"author":1,"featured_media":0,"comment_status":"closed","ping_status":"closed","sticky":false,"template":"","format":"standard","meta":{"footnotes":""},"categories":[1],"tags":[4802,3133],"class_list":["post-10942","post","type-post","status-publish","format-standard","hentry","category-sem-categoria","tag-salinas","tag-selo-top-tape"],"_links":{"self":[{"href":"https:\/\/www.toque-musicall.com\/index.php?rest_route=\/wp\/v2\/posts\/10942","targetHints":{"allow":["GET"]}}],"collection":[{"href":"https:\/\/www.toque-musicall.com\/index.php?rest_route=\/wp\/v2\/posts"}],"about":[{"href":"https:\/\/www.toque-musicall.com\/index.php?rest_route=\/wp\/v2\/types\/post"}],"author":[{"embeddable":true,"href":"https:\/\/www.toque-musicall.com\/index.php?rest_route=\/wp\/v2\/users\/1"}],"replies":[{"embeddable":true,"href":"https:\/\/www.toque-musicall.com\/index.php?rest_route=%2Fwp%2Fv2%2Fcomments&post=10942"}],"version-history":[{"count":1,"href":"https:\/\/www.toque-musicall.com\/index.php?rest_route=\/wp\/v2\/posts\/10942\/revisions"}],"predecessor-version":[{"id":10943,"href":"https:\/\/www.toque-musicall.com\/index.php?rest_route=\/wp\/v2\/posts\/10942\/revisions\/10943"}],"wp:attachment":[{"href":"https:\/\/www.toque-musicall.com\/index.php?rest_route=%2Fwp%2Fv2%2Fmedia&parent=10942"}],"wp:term":[{"taxonomy":"category","embeddable":true,"href":"https:\/\/www.toque-musicall.com\/index.php?rest_route=%2Fwp%2Fv2%2Fcategories&post=10942"},{"taxonomy":"post_tag","embeddable":true,"href":"https:\/\/www.toque-musicall.com\/index.php?rest_route=%2Fwp%2Fv2%2Ftags&post=10942"}],"curies":[{"name":"wp","href":"https:\/\/api.w.org\/{rel}","templated":true}]}}